{"id":3063,"date":"2025-09-24T18:30:22","date_gmt":"2025-09-24T16:30:22","guid":{"rendered":"https:\/\/marinoetchrisco.fr\/?p=3063"},"modified":"2025-09-24T18:36:52","modified_gmt":"2025-09-24T16:36:52","slug":"marino-dans-proximites-n7-jardin","status":"publish","type":"post","link":"https:\/\/marinoetchrisco.fr\/?p=3063","title":{"rendered":"Marino dans Proximit\u00e9s n\u00b07 \u2013 \u00ab Jardin \u00bb"},"content":{"rendered":"\n<p>Nous avons le plaisir de partager avec vous la parution du num\u00e9ro 7 de la revue <strong><em>Proximit\u00e9s<\/em><\/strong>, \u00e9dit\u00e9e par <strong>l\u2019Atelier IMIS<\/strong> et consacr\u00e9e au th\u00e8me <strong>\u00ab Jardin \u00bb<\/strong>.<\/p>\n\n\n\n<p>Dans ce num\u00e9ro, les dessins de <strong>Marino<\/strong> entrent en r\u00e9sonance avec les textes sensibles de <strong>Marie-Anne Bruch<\/strong>, <strong>Nicole Vautard<\/strong> et <strong>Florence Toussant<\/strong>. Entre images et mots, une promenade se dessine, \u00e0 la fois po\u00e9tique et intime, o\u00f9 le <strong>jardin<\/strong> devient un lieu de refuge, d\u2019imaginaire et de rencontre.<\/p>\n\n\n\n<p><strong>O\u00f9 trouver la revue ?<\/strong><\/p>\n\n\n\n<p>Sur le site de l\u2019Atelier IMIS : <a href=\"https:\/\/www.latelierimis.fr\/edition-revue\/proximites-n7\">latelierimis.fr<\/a><\/p>\n\n\n\n<p>Ou directement aupr\u00e8s de <strong>Marino &amp; Chrisco<\/strong>, heureux de jouer les messagers.<\/p>\n\n\n\n<p><\/p>\n\n\n\n<p>Un num\u00e9ro qui c\u00e9l\u00e8bre le dialogue entre l\u2019art et la litt\u00e9rature, comme une invitation \u00e0 s\u2019arr\u00eater dans un jardin int\u00e9rieur. <\/p>\n\n\n\n<figure class=\"wp-block-pullquote\"><blockquote><p>Les Murs se rabattent sur elle. L&rsquo;espace rapetisse. Elle glisse au sol entre l&rsquo;angle et la commode, s&rsquo;assoit les genoux enserr\u00e9s par ses bras, repli\u00e9s sous le menton, les talons joints, elle ne prend plus de place. Son espace de confinement dans le confinement. L\u00e0.<\/p><cite>Extrait du texte \u00ab\u00a0L&rsquo;invention du jardin\u00a0\u00bb de Florence Toussan<\/cite><\/blockquote><\/figure>\n\n\n\n<figure class=\"wp-block-gallery has-nested-images columns-default is-cropped wp-block-gallery-1 is-layout-flex wp-block-gallery-is-layout-flex\">\n<figure class=\"wp-block-image size-large\"><img loading=\"lazy\" decoding=\"async\" width=\"768\" height=\"1024\" data-id=\"3058\" src=\"https:\/\/marinoetchrisco.fr\/wp-content\/uploads\/2025\/09\/IMG_3216-EDIT-1-768x1024.jpg\" alt=\"\" class=\"wp-image-3058\" srcset=\"https:\/\/marinoetchrisco.fr\/wp-content\/uploads\/2025\/09\/IMG_3216-EDIT-1-768x1024.jpg 768w, https:\/\/marinoetchrisco.fr\/wp-content\/uploads\/2025\/09\/IMG_3216-EDIT-1-225x300.jpg 225w, https:\/\/marinoetchrisco.fr\/wp-content\/uploads\/2025\/09\/IMG_3216-EDIT-1-1152x1536.jpg 1152w, https:\/\/marinoetchrisco.fr\/wp-content\/uploads\/2025\/09\/IMG_3216-EDIT-1-1536x2048.jpg 1536w, https:\/\/marinoetchrisco.fr\/wp-content\/uploads\/2025\/09\/IMG_3216-EDIT-1-600x800.jpg 600w, https:\/\/marinoetchrisco.fr\/wp-content\/uploads\/2025\/09\/IMG_3216-EDIT-1-scaled.jpg 1920w\" sizes=\"auto, (max-width: 768px) 100vw, 768px\" \/><\/figure>\n\n\n\n<figure class=\"wp-block-image size-large\"><img loading=\"lazy\" decoding=\"async\" width=\"680\" height=\"962\" data-id=\"3057\" src=\"https:\/\/marinoetchrisco.fr\/wp-content\/uploads\/2025\/09\/recto_7-1.jpg\" alt=\"\" class=\"wp-image-3057\" srcset=\"https:\/\/marinoetchrisco.fr\/wp-content\/uploads\/2025\/09\/recto_7-1.jpg 680w, https:\/\/marinoetchrisco.fr\/wp-content\/uploads\/2025\/09\/recto_7-1-212x300.jpg 212w, https:\/\/marinoetchrisco.fr\/wp-content\/uploads\/2025\/09\/recto_7-1-600x849.jpg 600w\" sizes=\"auto, (max-width: 680px) 100vw, 680px\" \/><\/figure>\n\n\n\n<figure class=\"wp-block-image size-large\"><img loading=\"lazy\" decoding=\"async\" width=\"768\" height=\"1024\" data-id=\"3055\" src=\"https:\/\/marinoetchrisco.fr\/wp-content\/uploads\/2025\/09\/IMG_3214-1-768x1024.jpg\" alt=\"\" class=\"wp-image-3055\" srcset=\"https:\/\/marinoetchrisco.fr\/wp-content\/uploads\/2025\/09\/IMG_3214-1-768x1024.jpg 768w, https:\/\/marinoetchrisco.fr\/wp-content\/uploads\/2025\/09\/IMG_3214-1-225x300.jpg 225w, https:\/\/marinoetchrisco.fr\/wp-content\/uploads\/2025\/09\/IMG_3214-1-1152x1536.jpg 1152w, https:\/\/marinoetchrisco.fr\/wp-content\/uploads\/2025\/09\/IMG_3214-1-1536x2048.jpg 1536w, https:\/\/marinoetchrisco.fr\/wp-content\/uploads\/2025\/09\/IMG_3214-1-600x800.jpg 600w, https:\/\/marinoetchrisco.fr\/wp-content\/uploads\/2025\/09\/IMG_3214-1-scaled.jpg 1920w\" sizes=\"auto, (max-width: 768px) 100vw, 768px\" \/><\/figure>\n\n\n\n<figure class=\"wp-block-image size-large\"><img loading=\"lazy\" decoding=\"async\" width=\"1024\" height=\"768\" data-id=\"3056\" src=\"https:\/\/marinoetchrisco.fr\/wp-content\/uploads\/2025\/09\/IMG_3213-1-1024x768.jpg\" alt=\"\" class=\"wp-image-3056\" srcset=\"https:\/\/marinoetchrisco.fr\/wp-content\/uploads\/2025\/09\/IMG_3213-1-1024x768.jpg 1024w, https:\/\/marinoetchrisco.fr\/wp-content\/uploads\/2025\/09\/IMG_3213-1-300x225.jpg 300w, https:\/\/marinoetchrisco.fr\/wp-content\/uploads\/2025\/09\/IMG_3213-1-768x576.jpg 768w, https:\/\/marinoetchrisco.fr\/wp-content\/uploads\/2025\/09\/IMG_3213-1-1536x1152.jpg 1536w, https:\/\/marinoetchrisco.fr\/wp-content\/uploads\/2025\/09\/IMG_3213-1-600x450.jpg 600w\" sizes=\"auto, (max-width: 1024px) 100vw, 1024px\" \/><\/figure>\n<\/figure>\n","protected":false},"excerpt":{"rendered":"<p>Nous avons le plaisir de partager avec vous la parution du num\u00e9ro 7 de la revue Proximit\u00e9s, \u00e9dit\u00e9e par l\u2019Atelier IMIS et consacr\u00e9e au th\u00e8me \u00ab Jardin \u00bb. Dans ce num\u00e9ro, les dessins de Marino entrent en r\u00e9sonance avec les textes [&hellip;]<\/p>\n","protected":false},"author":1,"featured_media":3056,"comment_status":"closed","ping_status":"closed","sticky":false,"template":"","format":"standard","meta":{"jetpack_post_was_ever_published":false,"_jetpack_newsletter_access":"","_jetpack_dont_email_post_to_subs":false,"_jetpack_newsletter_tier_id":0,"_jetpack_memberships_contains_paywalled_content":false,"_jetpack_memberships_contains_paid_content":false,"footnotes":""},"categories":[1],"tags":[],"class_list":["post-3063","post","type-post","status-publish","format-standard","has-post-thumbnail","hentry","category-non-classe"],"yoast_head":"<!-- This site is optimized with the Yoast SEO plugin v27.5 - https:\/\/yoast.com\/product\/yoast-seo-wordpress\/ -->\n<title>Marino dans Proximit\u00e9s n\u00b07 \u2013 \u00ab Jardin \u00bb - Marino &amp; Chrisco<\/title>\n<meta name=\"robots\" content=\"index, follow, max-snippet:-1, max-image-preview:large, max-video-preview:-1\" \/>\n<link rel=\"canonical\" href=\"https:\/\/marinoetchrisco.fr\/?p=3063\" \/>\n<meta property=\"og:locale\" content=\"fr_FR\" \/>\n<meta property=\"og:type\" content=\"article\" \/>\n<meta property=\"og:title\" content=\"Marino dans Proximit\u00e9s n\u00b07 \u2013 \u00ab Jardin \u00bb - Marino &amp; Chrisco\" \/>\n<meta property=\"og:description\" content=\"Nous avons le plaisir de partager avec vous la parution du num\u00e9ro 7 de la revue Proximit\u00e9s, \u00e9dit\u00e9e par l\u2019Atelier IMIS et consacr\u00e9e au th\u00e8me \u00ab Jardin \u00bb. Dans ce num\u00e9ro, les dessins de Marino entrent en r\u00e9sonance avec les textes [&hellip;]\" \/>\n<meta property=\"og:url\" content=\"https:\/\/marinoetchrisco.fr\/?p=3063\" \/>\n<meta property=\"og:site_name\" content=\"Marino &amp; Chrisco\" \/>\n<meta property=\"article:published_time\" content=\"2025-09-24T16:30:22+00:00\" \/>\n<meta property=\"article:modified_time\" content=\"2025-09-24T16:36:52+00:00\" \/>\n<meta property=\"og:image\" content=\"https:\/\/marinoetchrisco.fr\/wp-content\/uploads\/2025\/09\/IMG_3213-1-scaled.jpg\" \/>\n\t<meta property=\"og:image:width\" content=\"2560\" \/>\n\t<meta property=\"og:image:height\" content=\"1920\" \/>\n\t<meta property=\"og:image:type\" content=\"image\/jpeg\" \/>\n<meta name=\"author\" content=\"admin3119\" \/>\n<meta name=\"twitter:card\" content=\"summary_large_image\" \/>\n<meta name=\"twitter:label1\" content=\"\u00c9crit par\" \/>\n\t<meta name=\"twitter:data1\" content=\"admin3119\" \/>\n\t<meta name=\"twitter:label2\" content=\"Dur\u00e9e de lecture estim\u00e9e\" \/>\n\t<meta name=\"twitter:data2\" content=\"1 minute\" \/>\n<script type=\"application\/ld+json\" class=\"yoast-schema-graph\">{\"@context\":\"https:\\\/\\\/schema.org\",\"@graph\":[{\"@type\":\"Article\",\"@id\":\"https:\\\/\\\/marinoetchrisco.fr\\\/?p=3063#article\",\"isPartOf\":{\"@id\":\"https:\\\/\\\/marinoetchrisco.fr\\\/?p=3063\"},\"author\":{\"name\":\"admin3119\",\"@id\":\"https:\\\/\\\/marinoetchrisco.fr\\\/#\\\/schema\\\/person\\\/47f69b6a26fee2553f99c04d68c6657d\"},\"headline\":\"Marino dans Proximit\u00e9s n\u00b07 \u2013 \u00ab Jardin \u00bb\",\"datePublished\":\"2025-09-24T16:30:22+00:00\",\"dateModified\":\"2025-09-24T16:36:52+00:00\",\"mainEntityOfPage\":{\"@id\":\"https:\\\/\\\/marinoetchrisco.fr\\\/?p=3063\"},\"wordCount\":201,\"image\":{\"@id\":\"https:\\\/\\\/marinoetchrisco.fr\\\/?p=3063#primaryimage\"},\"thumbnailUrl\":\"https:\\\/\\\/marinoetchrisco.fr\\\/wp-content\\\/uploads\\\/2025\\\/09\\\/IMG_3213-1-scaled.jpg\",\"inLanguage\":\"fr-FR\"},{\"@type\":\"WebPage\",\"@id\":\"https:\\\/\\\/marinoetchrisco.fr\\\/?p=3063\",\"url\":\"https:\\\/\\\/marinoetchrisco.fr\\\/?p=3063\",\"name\":\"Marino dans Proximit\u00e9s n\u00b07 \u2013 \u00ab Jardin \u00bb - Marino &amp; Chrisco\",\"isPartOf\":{\"@id\":\"https:\\\/\\\/marinoetchrisco.fr\\\/#website\"},\"primaryImageOfPage\":{\"@id\":\"https:\\\/\\\/marinoetchrisco.fr\\\/?p=3063#primaryimage\"},\"image\":{\"@id\":\"https:\\\/\\\/marinoetchrisco.fr\\\/?p=3063#primaryimage\"},\"thumbnailUrl\":\"https:\\\/\\\/marinoetchrisco.fr\\\/wp-content\\\/uploads\\\/2025\\\/09\\\/IMG_3213-1-scaled.jpg\",\"datePublished\":\"2025-09-24T16:30:22+00:00\",\"dateModified\":\"2025-09-24T16:36:52+00:00\",\"author\":{\"@id\":\"https:\\\/\\\/marinoetchrisco.fr\\\/#\\\/schema\\\/person\\\/47f69b6a26fee2553f99c04d68c6657d\"},\"breadcrumb\":{\"@id\":\"https:\\\/\\\/marinoetchrisco.fr\\\/?p=3063#breadcrumb\"},\"inLanguage\":\"fr-FR\",\"potentialAction\":[{\"@type\":\"ReadAction\",\"target\":[\"https:\\\/\\\/marinoetchrisco.fr\\\/?p=3063\"]}]},{\"@type\":\"ImageObject\",\"inLanguage\":\"fr-FR\",\"@id\":\"https:\\\/\\\/marinoetchrisco.fr\\\/?p=3063#primaryimage\",\"url\":\"https:\\\/\\\/marinoetchrisco.fr\\\/wp-content\\\/uploads\\\/2025\\\/09\\\/IMG_3213-1-scaled.jpg\",\"contentUrl\":\"https:\\\/\\\/marinoetchrisco.fr\\\/wp-content\\\/uploads\\\/2025\\\/09\\\/IMG_3213-1-scaled.jpg\",\"width\":2560,\"height\":1920},{\"@type\":\"BreadcrumbList\",\"@id\":\"https:\\\/\\\/marinoetchrisco.fr\\\/?p=3063#breadcrumb\",\"itemListElement\":[{\"@type\":\"ListItem\",\"position\":1,\"name\":\"Accueil\",\"item\":\"https:\\\/\\\/marinoetchrisco.fr\\\/\"},{\"@type\":\"ListItem\",\"position\":2,\"name\":\"Marino dans Proximit\u00e9s n\u00b07 \u2013 \u00ab Jardin \u00bb\"}]},{\"@type\":\"WebSite\",\"@id\":\"https:\\\/\\\/marinoetchrisco.fr\\\/#website\",\"url\":\"https:\\\/\\\/marinoetchrisco.fr\\\/\",\"name\":\"Marino &amp; Chrisco\",\"description\":\"Un duo color\u00e9 !\",\"potentialAction\":[{\"@type\":\"SearchAction\",\"target\":{\"@type\":\"EntryPoint\",\"urlTemplate\":\"https:\\\/\\\/marinoetchrisco.fr\\\/?s={search_term_string}\"},\"query-input\":{\"@type\":\"PropertyValueSpecification\",\"valueRequired\":true,\"valueName\":\"search_term_string\"}}],\"inLanguage\":\"fr-FR\"},{\"@type\":\"Person\",\"@id\":\"https:\\\/\\\/marinoetchrisco.fr\\\/#\\\/schema\\\/person\\\/47f69b6a26fee2553f99c04d68c6657d\",\"name\":\"admin3119\",\"image\":{\"@type\":\"ImageObject\",\"inLanguage\":\"fr-FR\",\"@id\":\"https:\\\/\\\/secure.gravatar.com\\\/avatar\\\/39a787d309da808328b816a4d463bbf9a10c1c407418b6a5dbf58c6160591f60?s=96&d=mm&r=g\",\"url\":\"https:\\\/\\\/secure.gravatar.com\\\/avatar\\\/39a787d309da808328b816a4d463bbf9a10c1c407418b6a5dbf58c6160591f60?s=96&d=mm&r=g\",\"contentUrl\":\"https:\\\/\\\/secure.gravatar.com\\\/avatar\\\/39a787d309da808328b816a4d463bbf9a10c1c407418b6a5dbf58c6160591f60?s=96&d=mm&r=g\",\"caption\":\"admin3119\"},\"sameAs\":[\"http:\\\/\\\/marinoetchrisco.fr\"],\"url\":\"https:\\\/\\\/marinoetchrisco.fr\\\/?author=1\"}]}<\/script>\n<!-- \/ Yoast SEO plugin. -->","yoast_head_json":{"title":"Marino dans Proximit\u00e9s n\u00b07 \u2013 \u00ab Jardin \u00bb - Marino &amp; Chrisco","robots":{"index":"index","follow":"follow","max-snippet":"max-snippet:-1","max-image-preview":"max-image-preview:large","max-video-preview":"max-video-preview:-1"},"canonical":"https:\/\/marinoetchrisco.fr\/?p=3063","og_locale":"fr_FR","og_type":"article","og_title":"Marino dans Proximit\u00e9s n\u00b07 \u2013 \u00ab Jardin \u00bb - Marino &amp; Chrisco","og_description":"Nous avons le plaisir de partager avec vous la parution du num\u00e9ro 7 de la revue Proximit\u00e9s, \u00e9dit\u00e9e par l\u2019Atelier IMIS et consacr\u00e9e au th\u00e8me \u00ab Jardin \u00bb. Dans ce num\u00e9ro, les dessins de Marino entrent en r\u00e9sonance avec les textes [&hellip;]","og_url":"https:\/\/marinoetchrisco.fr\/?p=3063","og_site_name":"Marino &amp; Chrisco","article_published_time":"2025-09-24T16:30:22+00:00","article_modified_time":"2025-09-24T16:36:52+00:00","og_image":[{"width":2560,"height":1920,"url":"https:\/\/marinoetchrisco.fr\/wp-content\/uploads\/2025\/09\/IMG_3213-1-scaled.jpg","type":"image\/jpeg"}],"author":"admin3119","twitter_card":"summary_large_image","twitter_misc":{"\u00c9crit par":"admin3119","Dur\u00e9e de lecture estim\u00e9e":"1 minute"},"schema":{"@context":"https:\/\/schema.org","@graph":[{"@type":"Article","@id":"https:\/\/marinoetchrisco.fr\/?p=3063#article","isPartOf":{"@id":"https:\/\/marinoetchrisco.fr\/?p=3063"},"author":{"name":"admin3119","@id":"https:\/\/marinoetchrisco.fr\/#\/schema\/person\/47f69b6a26fee2553f99c04d68c6657d"},"headline":"Marino dans Proximit\u00e9s n\u00b07 \u2013 \u00ab Jardin \u00bb","datePublished":"2025-09-24T16:30:22+00:00","dateModified":"2025-09-24T16:36:52+00:00","mainEntityOfPage":{"@id":"https:\/\/marinoetchrisco.fr\/?p=3063"},"wordCount":201,"image":{"@id":"https:\/\/marinoetchrisco.fr\/?p=3063#primaryimage"},"thumbnailUrl":"https:\/\/marinoetchrisco.fr\/wp-content\/uploads\/2025\/09\/IMG_3213-1-scaled.jpg","inLanguage":"fr-FR"},{"@type":"WebPage","@id":"https:\/\/marinoetchrisco.fr\/?p=3063","url":"https:\/\/marinoetchrisco.fr\/?p=3063","name":"Marino dans Proximit\u00e9s n\u00b07 \u2013 \u00ab Jardin \u00bb - Marino &amp; Chrisco","isPartOf":{"@id":"https:\/\/marinoetchrisco.fr\/#website"},"primaryImageOfPage":{"@id":"https:\/\/marinoetchrisco.fr\/?p=3063#primaryimage"},"image":{"@id":"https:\/\/marinoetchrisco.fr\/?p=3063#primaryimage"},"thumbnailUrl":"https:\/\/marinoetchrisco.fr\/wp-content\/uploads\/2025\/09\/IMG_3213-1-scaled.jpg","datePublished":"2025-09-24T16:30:22+00:00","dateModified":"2025-09-24T16:36:52+00:00","author":{"@id":"https:\/\/marinoetchrisco.fr\/#\/schema\/person\/47f69b6a26fee2553f99c04d68c6657d"},"breadcrumb":{"@id":"https:\/\/marinoetchrisco.fr\/?p=3063#breadcrumb"},"inLanguage":"fr-FR","potentialAction":[{"@type":"ReadAction","target":["https:\/\/marinoetchrisco.fr\/?p=3063"]}]},{"@type":"ImageObject","inLanguage":"fr-FR","@id":"https:\/\/marinoetchrisco.fr\/?p=3063#primaryimage","url":"https:\/\/marinoetchrisco.fr\/wp-content\/uploads\/2025\/09\/IMG_3213-1-scaled.jpg","contentUrl":"https:\/\/marinoetchrisco.fr\/wp-content\/uploads\/2025\/09\/IMG_3213-1-scaled.jpg","width":2560,"height":1920},{"@type":"BreadcrumbList","@id":"https:\/\/marinoetchrisco.fr\/?p=3063#breadcrumb","itemListElement":[{"@type":"ListItem","position":1,"name":"Accueil","item":"https:\/\/marinoetchrisco.fr\/"},{"@type":"ListItem","position":2,"name":"Marino dans Proximit\u00e9s n\u00b07 \u2013 \u00ab Jardin \u00bb"}]},{"@type":"WebSite","@id":"https:\/\/marinoetchrisco.fr\/#website","url":"https:\/\/marinoetchrisco.fr\/","name":"Marino &amp; Chrisco","description":"Un duo color\u00e9 !","potentialAction":[{"@type":"SearchAction","target":{"@type":"EntryPoint","urlTemplate":"https:\/\/marinoetchrisco.fr\/?s={search_term_string}"},"query-input":{"@type":"PropertyValueSpecification","valueRequired":true,"valueName":"search_term_string"}}],"inLanguage":"fr-FR"},{"@type":"Person","@id":"https:\/\/marinoetchrisco.fr\/#\/schema\/person\/47f69b6a26fee2553f99c04d68c6657d","name":"admin3119","image":{"@type":"ImageObject","inLanguage":"fr-FR","@id":"https:\/\/secure.gravatar.com\/avatar\/39a787d309da808328b816a4d463bbf9a10c1c407418b6a5dbf58c6160591f60?s=96&d=mm&r=g","url":"https:\/\/secure.gravatar.com\/avatar\/39a787d309da808328b816a4d463bbf9a10c1c407418b6a5dbf58c6160591f60?s=96&d=mm&r=g","contentUrl":"https:\/\/secure.gravatar.com\/avatar\/39a787d309da808328b816a4d463bbf9a10c1c407418b6a5dbf58c6160591f60?s=96&d=mm&r=g","caption":"admin3119"},"sameAs":["http:\/\/marinoetchrisco.fr"],"url":"https:\/\/marinoetchrisco.fr\/?author=1"}]}},"jetpack_featured_media_url":"https:\/\/marinoetchrisco.fr\/wp-content\/uploads\/2025\/09\/IMG_3213-1-scaled.jpg","jetpack_sharing_enabled":true,"_links":{"self":[{"href":"https:\/\/marinoetchrisco.fr\/index.php?rest_route=\/wp\/v2\/posts\/3063","targetHints":{"allow":["GET"]}}],"collection":[{"href":"https:\/\/marinoetchrisco.fr\/index.php?rest_route=\/wp\/v2\/posts"}],"about":[{"href":"https:\/\/marinoetchrisco.fr\/index.php?rest_route=\/wp\/v2\/types\/post"}],"author":[{"embeddable":true,"href":"https:\/\/marinoetchrisco.fr\/index.php?rest_route=\/wp\/v2\/users\/1"}],"replies":[{"embeddable":true,"href":"https:\/\/marinoetchrisco.fr\/index.php?rest_route=%2Fwp%2Fv2%2Fcomments&post=3063"}],"version-history":[{"count":4,"href":"https:\/\/marinoetchrisco.fr\/index.php?rest_route=\/wp\/v2\/posts\/3063\/revisions"}],"predecessor-version":[{"id":3069,"href":"https:\/\/marinoetchrisco.fr\/index.php?rest_route=\/wp\/v2\/posts\/3063\/revisions\/3069"}],"wp:featuredmedia":[{"embeddable":true,"href":"https:\/\/marinoetchrisco.fr\/index.php?rest_route=\/wp\/v2\/media\/3056"}],"wp:attachment":[{"href":"https:\/\/marinoetchrisco.fr\/index.php?rest_route=%2Fwp%2Fv2%2Fmedia&parent=3063"}],"wp:term":[{"taxonomy":"category","embeddable":true,"href":"https:\/\/marinoetchrisco.fr\/index.php?rest_route=%2Fwp%2Fv2%2Fcategories&post=3063"},{"taxonomy":"post_tag","embeddable":true,"href":"https:\/\/marinoetchrisco.fr\/index.php?rest_route=%2Fwp%2Fv2%2Ftags&post=3063"}],"curies":[{"name":"wp","href":"https:\/\/api.w.org\/{rel}","templated":true}]}}