{"id":2975,"date":"2022-12-06T19:30:28","date_gmt":"2022-12-06T18:30:28","guid":{"rendered":"http:\/\/marinoetchrisco.fr\/?p=2975"},"modified":"2022-12-06T19:40:46","modified_gmt":"2022-12-06T18:40:46","slug":"exposition-la-table-ronde-des-oiseaux","status":"publish","type":"post","link":"https:\/\/marinoetchrisco.fr\/?p=2975","title":{"rendered":"Exposition \u00ab\u00a0La table ronde des oiseaux\u00a0\u00bb"},"content":{"rendered":"\n<p><\/p>\n\n\n\n<figure class=\"wp-block-image size-large\"><img loading=\"lazy\" decoding=\"async\" width=\"1024\" height=\"536\" src=\"http:\/\/marinoetchrisco.fr\/wp-content\/uploads\/2022\/12\/EvenFB_1200x628_XPO_Ruelle-1024x536.jpg\" alt=\"\" class=\"wp-image-2977\" srcset=\"https:\/\/marinoetchrisco.fr\/wp-content\/uploads\/2022\/12\/EvenFB_1200x628_XPO_Ruelle-1024x536.jpg 1024w, https:\/\/marinoetchrisco.fr\/wp-content\/uploads\/2022\/12\/EvenFB_1200x628_XPO_Ruelle-300x157.jpg 300w, https:\/\/marinoetchrisco.fr\/wp-content\/uploads\/2022\/12\/EvenFB_1200x628_XPO_Ruelle-768x402.jpg 768w, https:\/\/marinoetchrisco.fr\/wp-content\/uploads\/2022\/12\/EvenFB_1200x628_XPO_Ruelle.jpg 1200w\" sizes=\"auto, (max-width: 1024px) 100vw, 1024px\" \/><\/figure>\n\n\n\n<p><strong>Le vernissage aura lieu le jeudi 8 d\u00e9cembre 2022 \u00e0 18h !<\/strong><\/p>\n\n\n\n<p>Dans le cadre de cette exposition,<strong>&nbsp;Marino et Chrisco<\/strong>&nbsp;vous convient \u00e0 la table ronde des oiseaux anim\u00e9e par la reine de Grande Terre, l&rsquo;oie d&rsquo;or, la pupu, la corneille, le rouge-gorge et plein d&rsquo;autres piafs.<\/p>\n\n\n\n<p><strong>NOUVELLE EXPOSITION <\/strong>du 8 au 30 d\u00e9cembre 2022 \u00e0 la Mairie de Ruelle-sur-Touvre.<br>Exposition compos\u00e9e d&rsquo;illustrations ou dessins et de masques en papier m\u00e2ch\u00e9.<\/p>\n\n\n\n<p><strong>Les jours et heures d&rsquo;ouverture<\/strong> :<br><strong>Du lundi au vendredi de 8h30 \u00e0 12h et de 13h30 \u00e0 17h30.&nbsp;<\/strong><br><strong>Le vendredi, fermeture \u00e0 16h30.<\/strong><br><br><strong>Entr\u00e9e&nbsp;libre<\/strong><\/p>\n\n\n\n<figure class=\"wp-block-gallery has-nested-images columns-2 is-cropped wp-block-gallery-1 is-layout-flex wp-block-gallery-is-layout-flex\">\n<figure class=\"wp-block-image size-large\"><img loading=\"lazy\" decoding=\"async\" width=\"1024\" height=\"1024\" data-id=\"2982\" src=\"http:\/\/marinoetchrisco.fr\/wp-content\/uploads\/2022\/12\/DSC_0529_OK-1024x1024.jpg\" alt=\"\" class=\"wp-image-2982\" srcset=\"https:\/\/marinoetchrisco.fr\/wp-content\/uploads\/2022\/12\/DSC_0529_OK-1024x1024.jpg 1024w, https:\/\/marinoetchrisco.fr\/wp-content\/uploads\/2022\/12\/DSC_0529_OK-300x300.jpg 300w, https:\/\/marinoetchrisco.fr\/wp-content\/uploads\/2022\/12\/DSC_0529_OK-150x150.jpg 150w, https:\/\/marinoetchrisco.fr\/wp-content\/uploads\/2022\/12\/DSC_0529_OK-768x768.jpg 768w, https:\/\/marinoetchrisco.fr\/wp-content\/uploads\/2022\/12\/DSC_0529_OK-1536x1536.jpg 1536w, https:\/\/marinoetchrisco.fr\/wp-content\/uploads\/2022\/12\/DSC_0529_OK-550x550.jpg 550w, https:\/\/marinoetchrisco.fr\/wp-content\/uploads\/2022\/12\/DSC_0529_OK-1100x1100.jpg 1100w\" sizes=\"auto, (max-width: 1024px) 100vw, 1024px\" \/><figcaption>\u00ab\u00a0La peur donne des ailes\u00a0\u00bb<\/figcaption><\/figure>\n\n\n\n<figure class=\"wp-block-image size-full\"><img loading=\"lazy\" decoding=\"async\" width=\"2560\" height=\"2560\" data-id=\"2980\" src=\"http:\/\/marinoetchrisco.fr\/wp-content\/uploads\/2022\/12\/DSC_0536_OK-scaled.jpg\" alt=\"\" class=\"wp-image-2980\" srcset=\"https:\/\/marinoetchrisco.fr\/wp-content\/uploads\/2022\/12\/DSC_0536_OK-scaled.jpg 2560w, https:\/\/marinoetchrisco.fr\/wp-content\/uploads\/2022\/12\/DSC_0536_OK-300x300.jpg 300w\" sizes=\"auto, (max-width: 2560px) 100vw, 2560px\" \/><figcaption>\u00ab\u00a0Le roi des corbeaux\u00a0\u00bb est en r\u00e9alit\u00e9 une reine<\/figcaption><\/figure>\n\n\n\n<figure class=\"wp-block-image size-large\"><img loading=\"lazy\" decoding=\"async\" width=\"1024\" height=\"1024\" data-id=\"2984\" src=\"http:\/\/marinoetchrisco.fr\/wp-content\/uploads\/2022\/12\/DSC_0534_OK-1-1024x1024.jpg\" alt=\"\" class=\"wp-image-2984\" srcset=\"https:\/\/marinoetchrisco.fr\/wp-content\/uploads\/2022\/12\/DSC_0534_OK-1-1024x1024.jpg 1024w, https:\/\/marinoetchrisco.fr\/wp-content\/uploads\/2022\/12\/DSC_0534_OK-1-300x300.jpg 300w, https:\/\/marinoetchrisco.fr\/wp-content\/uploads\/2022\/12\/DSC_0534_OK-1-150x150.jpg 150w, https:\/\/marinoetchrisco.fr\/wp-content\/uploads\/2022\/12\/DSC_0534_OK-1-768x768.jpg 768w, https:\/\/marinoetchrisco.fr\/wp-content\/uploads\/2022\/12\/DSC_0534_OK-1-1536x1536.jpg 1536w, https:\/\/marinoetchrisco.fr\/wp-content\/uploads\/2022\/12\/DSC_0534_OK-1-550x550.jpg 550w, https:\/\/marinoetchrisco.fr\/wp-content\/uploads\/2022\/12\/DSC_0534_OK-1-1100x1100.jpg 1100w\" sizes=\"auto, (max-width: 1024px) 100vw, 1024px\" \/><figcaption>\u00ab\u00a0La Corneille\u00a0\u00bb<\/figcaption><\/figure>\n\n\n\n<figure class=\"wp-block-image size-large\"><img loading=\"lazy\" decoding=\"async\" width=\"1024\" height=\"1024\" data-id=\"2985\" src=\"http:\/\/marinoetchrisco.fr\/wp-content\/uploads\/2022\/12\/DSC_0546_OK-1-1024x1024.jpg\" alt=\"\" class=\"wp-image-2985\" srcset=\"https:\/\/marinoetchrisco.fr\/wp-content\/uploads\/2022\/12\/DSC_0546_OK-1-1024x1024.jpg 1024w, https:\/\/marinoetchrisco.fr\/wp-content\/uploads\/2022\/12\/DSC_0546_OK-1-300x300.jpg 300w, https:\/\/marinoetchrisco.fr\/wp-content\/uploads\/2022\/12\/DSC_0546_OK-1-150x150.jpg 150w, https:\/\/marinoetchrisco.fr\/wp-content\/uploads\/2022\/12\/DSC_0546_OK-1-768x768.jpg 768w, https:\/\/marinoetchrisco.fr\/wp-content\/uploads\/2022\/12\/DSC_0546_OK-1-1536x1536.jpg 1536w, https:\/\/marinoetchrisco.fr\/wp-content\/uploads\/2022\/12\/DSC_0546_OK-1-550x550.jpg 550w, https:\/\/marinoetchrisco.fr\/wp-content\/uploads\/2022\/12\/DSC_0546_OK-1-1100x1100.jpg 1100w\" sizes=\"auto, (max-width: 1024px) 100vw, 1024px\" \/><figcaption>\u00ab\u00a0Huppe fasci\u00e9e\u00a0\u00bb<\/figcaption><\/figure>\n<\/figure>\n\n\n\n<p><br><\/p>\n","protected":false},"excerpt":{"rendered":"<p>Le vernissage aura lieu le jeudi 8 d\u00e9cembre 2022 \u00e0 18h ! Dans le cadre de cette exposition,&nbsp;Marino et Chrisco&nbsp;vous convient \u00e0 la table ronde des oiseaux anim\u00e9e par la reine de Grande Terre, l&rsquo;oie d&rsquo;or, la pupu, la corneille, le [&hellip;]<\/p>\n","protected":false},"author":1,"featured_media":2976,"comment_status":"closed","ping_status":"open","sticky":false,"template":"","format":"standard","meta":{"jetpack_post_was_ever_published":false,"_jetpack_newsletter_access":"","_jetpack_dont_email_post_to_subs":false,"_jetpack_newsletter_tier_id":0,"_jetpack_memberships_contains_paywalled_content":false,"_jetpack_memberships_contains_paid_content":false,"footnotes":""},"categories":[229,18],"tags":[232,275,276,272],"class_list":["post-2975","post","type-post","status-publish","format-standard","has-post-thumbnail","hentry","category-exposition","category-illustration","tag-masque","tag-oiseau","tag-ruelle","tag-sculpture"],"yoast_head":"<!-- This site is optimized with the Yoast SEO plugin v27.5 - https:\/\/yoast.com\/product\/yoast-seo-wordpress\/ -->\n<title>Exposition &quot;La table ronde des oiseaux&quot; - Marino &amp; Chrisco<\/title>\n<meta name=\"robots\" content=\"index, follow, max-snippet:-1, max-image-preview:large, max-video-preview:-1\" \/>\n<link rel=\"canonical\" href=\"https:\/\/marinoetchrisco.fr\/?p=2975\" \/>\n<meta property=\"og:locale\" content=\"fr_FR\" \/>\n<meta property=\"og:type\" content=\"article\" \/>\n<meta property=\"og:title\" content=\"Exposition &quot;La table ronde des oiseaux&quot; - Marino &amp; Chrisco\" \/>\n<meta property=\"og:description\" content=\"Le vernissage aura lieu le jeudi 8 d\u00e9cembre 2022 \u00e0 18h ! Dans le cadre de cette exposition,&nbsp;Marino et Chrisco&nbsp;vous convient \u00e0 la table ronde des oiseaux anim\u00e9e par la reine de Grande Terre, l&rsquo;oie d&rsquo;or, la pupu, la corneille, le [&hellip;]\" \/>\n<meta property=\"og:url\" content=\"https:\/\/marinoetchrisco.fr\/?p=2975\" \/>\n<meta property=\"og:site_name\" content=\"Marino &amp; Chrisco\" \/>\n<meta property=\"article:published_time\" content=\"2022-12-06T18:30:28+00:00\" \/>\n<meta property=\"article:modified_time\" content=\"2022-12-06T18:40:46+00:00\" \/>\n<meta property=\"og:image\" content=\"https:\/\/marinoetchrisco.fr\/wp-content\/uploads\/2022\/12\/CARRE_XPO-RUELLE-LTRDO-v1_800x800.jpg\" \/>\n\t<meta property=\"og:image:width\" content=\"800\" \/>\n\t<meta property=\"og:image:height\" content=\"800\" \/>\n\t<meta property=\"og:image:type\" content=\"image\/jpeg\" \/>\n<meta name=\"author\" content=\"admin3119\" \/>\n<meta name=\"twitter:card\" content=\"summary_large_image\" \/>\n<meta name=\"twitter:label1\" content=\"\u00c9crit par\" \/>\n\t<meta name=\"twitter:data1\" content=\"admin3119\" \/>\n\t<meta name=\"twitter:label2\" content=\"Dur\u00e9e de lecture estim\u00e9e\" \/>\n\t<meta name=\"twitter:data2\" content=\"1 minute\" \/>\n<script type=\"application\/ld+json\" class=\"yoast-schema-graph\">{\"@context\":\"https:\\\/\\\/schema.org\",\"@graph\":[{\"@type\":\"Article\",\"@id\":\"https:\\\/\\\/marinoetchrisco.fr\\\/?p=2975#article\",\"isPartOf\":{\"@id\":\"https:\\\/\\\/marinoetchrisco.fr\\\/?p=2975\"},\"author\":{\"name\":\"admin3119\",\"@id\":\"https:\\\/\\\/marinoetchrisco.fr\\\/#\\\/schema\\\/person\\\/47f69b6a26fee2553f99c04d68c6657d\"},\"headline\":\"Exposition \u00ab\u00a0La table ronde des oiseaux\u00a0\u00bb\",\"datePublished\":\"2022-12-06T18:30:28+00:00\",\"dateModified\":\"2022-12-06T18:40:46+00:00\",\"mainEntityOfPage\":{\"@id\":\"https:\\\/\\\/marinoetchrisco.fr\\\/?p=2975\"},\"wordCount\":126,\"image\":{\"@id\":\"https:\\\/\\\/marinoetchrisco.fr\\\/?p=2975#primaryimage\"},\"thumbnailUrl\":\"https:\\\/\\\/marinoetchrisco.fr\\\/wp-content\\\/uploads\\\/2022\\\/12\\\/CARRE_XPO-RUELLE-LTRDO-v1_800x800.jpg\",\"keywords\":[\"masque\",\"oiseau\",\"ruelle\",\"Sculpture\"],\"articleSection\":[\"Exposition\",\"Illustration\"],\"inLanguage\":\"fr-FR\"},{\"@type\":\"WebPage\",\"@id\":\"https:\\\/\\\/marinoetchrisco.fr\\\/?p=2975\",\"url\":\"https:\\\/\\\/marinoetchrisco.fr\\\/?p=2975\",\"name\":\"Exposition \\\"La table ronde des oiseaux\\\" - Marino &amp; Chrisco\",\"isPartOf\":{\"@id\":\"https:\\\/\\\/marinoetchrisco.fr\\\/#website\"},\"primaryImageOfPage\":{\"@id\":\"https:\\\/\\\/marinoetchrisco.fr\\\/?p=2975#primaryimage\"},\"image\":{\"@id\":\"https:\\\/\\\/marinoetchrisco.fr\\\/?p=2975#primaryimage\"},\"thumbnailUrl\":\"https:\\\/\\\/marinoetchrisco.fr\\\/wp-content\\\/uploads\\\/2022\\\/12\\\/CARRE_XPO-RUELLE-LTRDO-v1_800x800.jpg\",\"datePublished\":\"2022-12-06T18:30:28+00:00\",\"dateModified\":\"2022-12-06T18:40:46+00:00\",\"author\":{\"@id\":\"https:\\\/\\\/marinoetchrisco.fr\\\/#\\\/schema\\\/person\\\/47f69b6a26fee2553f99c04d68c6657d\"},\"breadcrumb\":{\"@id\":\"https:\\\/\\\/marinoetchrisco.fr\\\/?p=2975#breadcrumb\"},\"inLanguage\":\"fr-FR\",\"potentialAction\":[{\"@type\":\"ReadAction\",\"target\":[\"https:\\\/\\\/marinoetchrisco.fr\\\/?p=2975\"]}]},{\"@type\":\"ImageObject\",\"inLanguage\":\"fr-FR\",\"@id\":\"https:\\\/\\\/marinoetchrisco.fr\\\/?p=2975#primaryimage\",\"url\":\"https:\\\/\\\/marinoetchrisco.fr\\\/wp-content\\\/uploads\\\/2022\\\/12\\\/CARRE_XPO-RUELLE-LTRDO-v1_800x800.jpg\",\"contentUrl\":\"https:\\\/\\\/marinoetchrisco.fr\\\/wp-content\\\/uploads\\\/2022\\\/12\\\/CARRE_XPO-RUELLE-LTRDO-v1_800x800.jpg\",\"width\":800,\"height\":800},{\"@type\":\"BreadcrumbList\",\"@id\":\"https:\\\/\\\/marinoetchrisco.fr\\\/?p=2975#breadcrumb\",\"itemListElement\":[{\"@type\":\"ListItem\",\"position\":1,\"name\":\"Accueil\",\"item\":\"https:\\\/\\\/marinoetchrisco.fr\\\/\"},{\"@type\":\"ListItem\",\"position\":2,\"name\":\"Exposition \u00ab\u00a0La table ronde des oiseaux\u00a0\u00bb\"}]},{\"@type\":\"WebSite\",\"@id\":\"https:\\\/\\\/marinoetchrisco.fr\\\/#website\",\"url\":\"https:\\\/\\\/marinoetchrisco.fr\\\/\",\"name\":\"Marino &amp; Chrisco\",\"description\":\"Un duo color\u00e9 !\",\"potentialAction\":[{\"@type\":\"SearchAction\",\"target\":{\"@type\":\"EntryPoint\",\"urlTemplate\":\"https:\\\/\\\/marinoetchrisco.fr\\\/?s={search_term_string}\"},\"query-input\":{\"@type\":\"PropertyValueSpecification\",\"valueRequired\":true,\"valueName\":\"search_term_string\"}}],\"inLanguage\":\"fr-FR\"},{\"@type\":\"Person\",\"@id\":\"https:\\\/\\\/marinoetchrisco.fr\\\/#\\\/schema\\\/person\\\/47f69b6a26fee2553f99c04d68c6657d\",\"name\":\"admin3119\",\"image\":{\"@type\":\"ImageObject\",\"inLanguage\":\"fr-FR\",\"@id\":\"https:\\\/\\\/secure.gravatar.com\\\/avatar\\\/39a787d309da808328b816a4d463bbf9a10c1c407418b6a5dbf58c6160591f60?s=96&d=mm&r=g\",\"url\":\"https:\\\/\\\/secure.gravatar.com\\\/avatar\\\/39a787d309da808328b816a4d463bbf9a10c1c407418b6a5dbf58c6160591f60?s=96&d=mm&r=g\",\"contentUrl\":\"https:\\\/\\\/secure.gravatar.com\\\/avatar\\\/39a787d309da808328b816a4d463bbf9a10c1c407418b6a5dbf58c6160591f60?s=96&d=mm&r=g\",\"caption\":\"admin3119\"},\"sameAs\":[\"http:\\\/\\\/marinoetchrisco.fr\"],\"url\":\"https:\\\/\\\/marinoetchrisco.fr\\\/?author=1\"}]}<\/script>\n<!-- \/ Yoast SEO plugin. -->","yoast_head_json":{"title":"Exposition \"La table ronde des oiseaux\" - Marino &amp; Chrisco","robots":{"index":"index","follow":"follow","max-snippet":"max-snippet:-1","max-image-preview":"max-image-preview:large","max-video-preview":"max-video-preview:-1"},"canonical":"https:\/\/marinoetchrisco.fr\/?p=2975","og_locale":"fr_FR","og_type":"article","og_title":"Exposition \"La table ronde des oiseaux\" - Marino &amp; Chrisco","og_description":"Le vernissage aura lieu le jeudi 8 d\u00e9cembre 2022 \u00e0 18h ! Dans le cadre de cette exposition,&nbsp;Marino et Chrisco&nbsp;vous convient \u00e0 la table ronde des oiseaux anim\u00e9e par la reine de Grande Terre, l&rsquo;oie d&rsquo;or, la pupu, la corneille, le [&hellip;]","og_url":"https:\/\/marinoetchrisco.fr\/?p=2975","og_site_name":"Marino &amp; Chrisco","article_published_time":"2022-12-06T18:30:28+00:00","article_modified_time":"2022-12-06T18:40:46+00:00","og_image":[{"width":800,"height":800,"url":"https:\/\/marinoetchrisco.fr\/wp-content\/uploads\/2022\/12\/CARRE_XPO-RUELLE-LTRDO-v1_800x800.jpg","type":"image\/jpeg"}],"author":"admin3119","twitter_card":"summary_large_image","twitter_misc":{"\u00c9crit par":"admin3119","Dur\u00e9e de lecture estim\u00e9e":"1 minute"},"schema":{"@context":"https:\/\/schema.org","@graph":[{"@type":"Article","@id":"https:\/\/marinoetchrisco.fr\/?p=2975#article","isPartOf":{"@id":"https:\/\/marinoetchrisco.fr\/?p=2975"},"author":{"name":"admin3119","@id":"https:\/\/marinoetchrisco.fr\/#\/schema\/person\/47f69b6a26fee2553f99c04d68c6657d"},"headline":"Exposition \u00ab\u00a0La table ronde des oiseaux\u00a0\u00bb","datePublished":"2022-12-06T18:30:28+00:00","dateModified":"2022-12-06T18:40:46+00:00","mainEntityOfPage":{"@id":"https:\/\/marinoetchrisco.fr\/?p=2975"},"wordCount":126,"image":{"@id":"https:\/\/marinoetchrisco.fr\/?p=2975#primaryimage"},"thumbnailUrl":"https:\/\/marinoetchrisco.fr\/wp-content\/uploads\/2022\/12\/CARRE_XPO-RUELLE-LTRDO-v1_800x800.jpg","keywords":["masque","oiseau","ruelle","Sculpture"],"articleSection":["Exposition","Illustration"],"inLanguage":"fr-FR"},{"@type":"WebPage","@id":"https:\/\/marinoetchrisco.fr\/?p=2975","url":"https:\/\/marinoetchrisco.fr\/?p=2975","name":"Exposition \"La table ronde des oiseaux\" - Marino &amp; Chrisco","isPartOf":{"@id":"https:\/\/marinoetchrisco.fr\/#website"},"primaryImageOfPage":{"@id":"https:\/\/marinoetchrisco.fr\/?p=2975#primaryimage"},"image":{"@id":"https:\/\/marinoetchrisco.fr\/?p=2975#primaryimage"},"thumbnailUrl":"https:\/\/marinoetchrisco.fr\/wp-content\/uploads\/2022\/12\/CARRE_XPO-RUELLE-LTRDO-v1_800x800.jpg","datePublished":"2022-12-06T18:30:28+00:00","dateModified":"2022-12-06T18:40:46+00:00","author":{"@id":"https:\/\/marinoetchrisco.fr\/#\/schema\/person\/47f69b6a26fee2553f99c04d68c6657d"},"breadcrumb":{"@id":"https:\/\/marinoetchrisco.fr\/?p=2975#breadcrumb"},"inLanguage":"fr-FR","potentialAction":[{"@type":"ReadAction","target":["https:\/\/marinoetchrisco.fr\/?p=2975"]}]},{"@type":"ImageObject","inLanguage":"fr-FR","@id":"https:\/\/marinoetchrisco.fr\/?p=2975#primaryimage","url":"https:\/\/marinoetchrisco.fr\/wp-content\/uploads\/2022\/12\/CARRE_XPO-RUELLE-LTRDO-v1_800x800.jpg","contentUrl":"https:\/\/marinoetchrisco.fr\/wp-content\/uploads\/2022\/12\/CARRE_XPO-RUELLE-LTRDO-v1_800x800.jpg","width":800,"height":800},{"@type":"BreadcrumbList","@id":"https:\/\/marinoetchrisco.fr\/?p=2975#breadcrumb","itemListElement":[{"@type":"ListItem","position":1,"name":"Accueil","item":"https:\/\/marinoetchrisco.fr\/"},{"@type":"ListItem","position":2,"name":"Exposition \u00ab\u00a0La table ronde des oiseaux\u00a0\u00bb"}]},{"@type":"WebSite","@id":"https:\/\/marinoetchrisco.fr\/#website","url":"https:\/\/marinoetchrisco.fr\/","name":"Marino &amp; Chrisco","description":"Un duo color\u00e9 !","potentialAction":[{"@type":"SearchAction","target":{"@type":"EntryPoint","urlTemplate":"https:\/\/marinoetchrisco.fr\/?s={search_term_string}"},"query-input":{"@type":"PropertyValueSpecification","valueRequired":true,"valueName":"search_term_string"}}],"inLanguage":"fr-FR"},{"@type":"Person","@id":"https:\/\/marinoetchrisco.fr\/#\/schema\/person\/47f69b6a26fee2553f99c04d68c6657d","name":"admin3119","image":{"@type":"ImageObject","inLanguage":"fr-FR","@id":"https:\/\/secure.gravatar.com\/avatar\/39a787d309da808328b816a4d463bbf9a10c1c407418b6a5dbf58c6160591f60?s=96&d=mm&r=g","url":"https:\/\/secure.gravatar.com\/avatar\/39a787d309da808328b816a4d463bbf9a10c1c407418b6a5dbf58c6160591f60?s=96&d=mm&r=g","contentUrl":"https:\/\/secure.gravatar.com\/avatar\/39a787d309da808328b816a4d463bbf9a10c1c407418b6a5dbf58c6160591f60?s=96&d=mm&r=g","caption":"admin3119"},"sameAs":["http:\/\/marinoetchrisco.fr"],"url":"https:\/\/marinoetchrisco.fr\/?author=1"}]}},"jetpack_featured_media_url":"https:\/\/marinoetchrisco.fr\/wp-content\/uploads\/2022\/12\/CARRE_XPO-RUELLE-LTRDO-v1_800x800.jpg","jetpack_sharing_enabled":true,"_links":{"self":[{"href":"https:\/\/marinoetchrisco.fr\/index.php?rest_route=\/wp\/v2\/posts\/2975","targetHints":{"allow":["GET"]}}],"collection":[{"href":"https:\/\/marinoetchrisco.fr\/index.php?rest_route=\/wp\/v2\/posts"}],"about":[{"href":"https:\/\/marinoetchrisco.fr\/index.php?rest_route=\/wp\/v2\/types\/post"}],"author":[{"embeddable":true,"href":"https:\/\/marinoetchrisco.fr\/index.php?rest_route=\/wp\/v2\/users\/1"}],"replies":[{"embeddable":true,"href":"https:\/\/marinoetchrisco.fr\/index.php?rest_route=%2Fwp%2Fv2%2Fcomments&post=2975"}],"version-history":[{"count":3,"href":"https:\/\/marinoetchrisco.fr\/index.php?rest_route=\/wp\/v2\/posts\/2975\/revisions"}],"predecessor-version":[{"id":2986,"href":"https:\/\/marinoetchrisco.fr\/index.php?rest_route=\/wp\/v2\/posts\/2975\/revisions\/2986"}],"wp:featuredmedia":[{"embeddable":true,"href":"https:\/\/marinoetchrisco.fr\/index.php?rest_route=\/wp\/v2\/media\/2976"}],"wp:attachment":[{"href":"https:\/\/marinoetchrisco.fr\/index.php?rest_route=%2Fwp%2Fv2%2Fmedia&parent=2975"}],"wp:term":[{"taxonomy":"category","embeddable":true,"href":"https:\/\/marinoetchrisco.fr\/index.php?rest_route=%2Fwp%2Fv2%2Fcategories&post=2975"},{"taxonomy":"post_tag","embeddable":true,"href":"https:\/\/marinoetchrisco.fr\/index.php?rest_route=%2Fwp%2Fv2%2Ftags&post=2975"}],"curies":[{"name":"wp","href":"https:\/\/api.w.org\/{rel}","templated":true}]}}