{"id":2927,"date":"2019-09-06T17:51:00","date_gmt":"2019-09-06T15:51:00","guid":{"rendered":"http:\/\/marinoetchrisco.fr\/?p=2927"},"modified":"2021-05-15T17:55:33","modified_gmt":"2021-05-15T15:55:33","slug":"exposition-lart-la-ou-on-ne-lattend-pas","status":"publish","type":"post","link":"https:\/\/marinoetchrisco.fr\/?p=2927","title":{"rendered":"Exposition \u00ab L\u2019ART l\u00e0 o\u00f9 on ne l\u2019attend pas \u00bb"},"content":{"rendered":"\n<p><\/p>\n\n\n\n<div class=\"wp-block-columns is-layout-flex wp-container-core-columns-is-layout-9d6595d7 wp-block-columns-is-layout-flex\">\n<div class=\"wp-block-column is-layout-flow wp-block-column-is-layout-flow\" style=\"flex-basis:100%\">\n<p>\u00ab\u00a0L&rsquo;ART l\u00e0 o\u00f9 on ne l&rsquo;attend pas\u00a0\u00bb est une exposition au Parc de la Jaufertie, une zone commerciale, \u00e0 Soyaux. Une galerie \u00e9ph\u00e9m\u00e8re du 6 au 28 septembre 2019 o\u00f9 Marino et Chrisco exposent aux c\u00f4t\u00e9s de Kegrea, Face Cach\u00e9e, les \u00e9ditions Les Mains Sales, Ang\u00e8le Villeneuve&#8230; <\/p>\n<\/div>\n<\/div>\n\n\n\n<div class=\"wp-block-image\"><figure class=\"aligncenter size-large\"><img loading=\"lazy\" decoding=\"async\" width=\"1024\" height=\"768\" src=\"http:\/\/marinoetchrisco.fr\/wp-content\/uploads\/2021\/05\/IMG_0363-1024x768.jpg\" alt=\"\" class=\"wp-image-2931\" srcset=\"https:\/\/marinoetchrisco.fr\/wp-content\/uploads\/2021\/05\/IMG_0363-1024x768.jpg 1024w, https:\/\/marinoetchrisco.fr\/wp-content\/uploads\/2021\/05\/IMG_0363-300x225.jpg 300w, https:\/\/marinoetchrisco.fr\/wp-content\/uploads\/2021\/05\/IMG_0363-768x576.jpg 768w, https:\/\/marinoetchrisco.fr\/wp-content\/uploads\/2021\/05\/IMG_0363-1536x1152.jpg 1536w, https:\/\/marinoetchrisco.fr\/wp-content\/uploads\/2021\/05\/IMG_0363-600x450.jpg 600w\" sizes=\"auto, (max-width: 1024px) 100vw, 1024px\" \/><figcaption>Vernissage de l&rsquo;expo<\/figcaption><\/figure><\/div>\n\n\n\n<p><\/p>\n\n\n\n<div style=\"height:35px\" aria-hidden=\"true\" class=\"wp-block-spacer\"><\/div>\n\n\n\n<div class=\"wp-block-image\"><figure class=\"aligncenter size-large\"><img loading=\"lazy\" decoding=\"async\" width=\"1024\" height=\"396\" src=\"http:\/\/marinoetchrisco.fr\/wp-content\/uploads\/2021\/05\/IMG_0368-1024x396.jpg\" alt=\"\" class=\"wp-image-2932\" srcset=\"https:\/\/marinoetchrisco.fr\/wp-content\/uploads\/2021\/05\/IMG_0368-1024x396.jpg 1024w, https:\/\/marinoetchrisco.fr\/wp-content\/uploads\/2021\/05\/IMG_0368-300x116.jpg 300w, https:\/\/marinoetchrisco.fr\/wp-content\/uploads\/2021\/05\/IMG_0368-768x297.jpg 768w, https:\/\/marinoetchrisco.fr\/wp-content\/uploads\/2021\/05\/IMG_0368-1536x594.jpg 1536w, https:\/\/marinoetchrisco.fr\/wp-content\/uploads\/2021\/05\/IMG_0368-600x232.jpg 600w\" sizes=\"auto, (max-width: 1024px) 100vw, 1024px\" \/><figcaption>Marino en conversation avec Flo<\/figcaption><\/figure><\/div>\n\n\n\n<div class=\"wp-block-image\"><figure class=\"aligncenter size-large\"><img loading=\"lazy\" decoding=\"async\" width=\"1024\" height=\"969\" src=\"http:\/\/marinoetchrisco.fr\/wp-content\/uploads\/2021\/05\/IMG_0494-1024x969.jpg\" alt=\"\" class=\"wp-image-2934\" srcset=\"https:\/\/marinoetchrisco.fr\/wp-content\/uploads\/2021\/05\/IMG_0494-1024x969.jpg 1024w, https:\/\/marinoetchrisco.fr\/wp-content\/uploads\/2021\/05\/IMG_0494-300x284.jpg 300w, https:\/\/marinoetchrisco.fr\/wp-content\/uploads\/2021\/05\/IMG_0494-768x727.jpg 768w, https:\/\/marinoetchrisco.fr\/wp-content\/uploads\/2021\/05\/IMG_0494-1536x1453.jpg 1536w, https:\/\/marinoetchrisco.fr\/wp-content\/uploads\/2021\/05\/IMG_0494-600x568.jpg 600w\" sizes=\"auto, (max-width: 1024px) 100vw, 1024px\" \/><figcaption>S\u00e9rie \u00ab\u00a0Les Grimmades\u00a0\u00bb<\/figcaption><\/figure><\/div>\n\n\n\n<div class=\"wp-block-image\"><figure class=\"aligncenter size-large\"><img loading=\"lazy\" decoding=\"async\" width=\"835\" height=\"1024\" src=\"http:\/\/marinoetchrisco.fr\/wp-content\/uploads\/2021\/05\/IMG_0487-835x1024.jpg\" alt=\"\" class=\"wp-image-2933\" srcset=\"https:\/\/marinoetchrisco.fr\/wp-content\/uploads\/2021\/05\/IMG_0487-835x1024.jpg 835w, https:\/\/marinoetchrisco.fr\/wp-content\/uploads\/2021\/05\/IMG_0487-245x300.jpg 245w, https:\/\/marinoetchrisco.fr\/wp-content\/uploads\/2021\/05\/IMG_0487-768x942.jpg 768w, https:\/\/marinoetchrisco.fr\/wp-content\/uploads\/2021\/05\/IMG_0487-1252x1536.jpg 1252w, https:\/\/marinoetchrisco.fr\/wp-content\/uploads\/2021\/05\/IMG_0487-1670x2048.jpg 1670w, https:\/\/marinoetchrisco.fr\/wp-content\/uploads\/2021\/05\/IMG_0487-600x736.jpg 600w\" sizes=\"auto, (max-width: 835px) 100vw, 835px\" \/><figcaption>Valentin \u00e0 Elrik : \u00c7a t&rsquo;a plu ? Pourquoi pas le refaire ! <\/figcaption><\/figure><\/div>\n\n\n\n<div class=\"wp-block-image\"><figure class=\"aligncenter size-large\"><img loading=\"lazy\" decoding=\"async\" width=\"1024\" height=\"1024\" src=\"http:\/\/marinoetchrisco.fr\/wp-content\/uploads\/2021\/05\/1718DDF4-5512-4E2A-A73E-01273FAD8359-1024x1024.jpg\" alt=\"\" class=\"wp-image-2930\" srcset=\"https:\/\/marinoetchrisco.fr\/wp-content\/uploads\/2021\/05\/1718DDF4-5512-4E2A-A73E-01273FAD8359-1024x1024.jpg 1024w, https:\/\/marinoetchrisco.fr\/wp-content\/uploads\/2021\/05\/1718DDF4-5512-4E2A-A73E-01273FAD8359-300x300.jpg 300w, https:\/\/marinoetchrisco.fr\/wp-content\/uploads\/2021\/05\/1718DDF4-5512-4E2A-A73E-01273FAD8359-150x150.jpg 150w, https:\/\/marinoetchrisco.fr\/wp-content\/uploads\/2021\/05\/1718DDF4-5512-4E2A-A73E-01273FAD8359-768x768.jpg 768w, https:\/\/marinoetchrisco.fr\/wp-content\/uploads\/2021\/05\/1718DDF4-5512-4E2A-A73E-01273FAD8359-550x550.jpg 550w, https:\/\/marinoetchrisco.fr\/wp-content\/uploads\/2021\/05\/1718DDF4-5512-4E2A-A73E-01273FAD8359-1100x1100.jpg 1100w, https:\/\/marinoetchrisco.fr\/wp-content\/uploads\/2021\/05\/1718DDF4-5512-4E2A-A73E-01273FAD8359-600x600.jpg 600w, https:\/\/marinoetchrisco.fr\/wp-content\/uploads\/2021\/05\/1718DDF4-5512-4E2A-A73E-01273FAD8359-100x100.jpg 100w, https:\/\/marinoetchrisco.fr\/wp-content\/uploads\/2021\/05\/1718DDF4-5512-4E2A-A73E-01273FAD8359.jpg 1440w\" sizes=\"auto, (max-width: 1024px) 100vw, 1024px\" \/><figcaption>Nina : Regarde mo bien, parce que c&rsquo;est la derni\u00e8re fois que tu mes vois !<\/figcaption><\/figure><\/div>\n","protected":false},"excerpt":{"rendered":"<p>\u00ab\u00a0L&rsquo;ART l\u00e0 o\u00f9 on ne l&rsquo;attend pas\u00a0\u00bb est une exposition au Parc de la Jaufertie, une zone commerciale, \u00e0 Soyaux. Une galerie \u00e9ph\u00e9m\u00e8re du 6 au 28 septembre 2019 o\u00f9 Marino et Chrisco exposent aux c\u00f4t\u00e9s de Kegrea, Face Cach\u00e9e, les [&hellip;]<\/p>\n","protected":false},"author":1,"featured_media":2931,"comment_status":"open","ping_status":"open","sticky":false,"template":"","format":"standard","meta":{"jetpack_post_was_ever_published":false,"_jetpack_newsletter_access":"","_jetpack_dont_email_post_to_subs":false,"_jetpack_newsletter_tier_id":0,"_jetpack_memberships_contains_paywalled_content":false,"_jetpack_memberships_contains_paid_content":false,"footnotes":""},"categories":[229,18,1],"tags":[223,268,269],"class_list":["post-2927","post","type-post","status-publish","format-standard","has-post-thumbnail","hentry","category-exposition","category-illustration","category-non-classe","tag-grimmades","tag-les-relations","tag-soyaux"],"yoast_head":"<!-- This site is optimized with the Yoast SEO plugin v27.5 - https:\/\/yoast.com\/product\/yoast-seo-wordpress\/ -->\n<title>Exposition \u00ab L\u2019ART l\u00e0 o\u00f9 on ne l\u2019attend pas \u00bb - Marino &amp; Chrisco<\/title>\n<meta name=\"robots\" content=\"index, follow, max-snippet:-1, max-image-preview:large, max-video-preview:-1\" \/>\n<link rel=\"canonical\" href=\"https:\/\/marinoetchrisco.fr\/?p=2927\" \/>\n<meta property=\"og:locale\" content=\"fr_FR\" \/>\n<meta property=\"og:type\" content=\"article\" \/>\n<meta property=\"og:title\" content=\"Exposition \u00ab L\u2019ART l\u00e0 o\u00f9 on ne l\u2019attend pas \u00bb - Marino &amp; Chrisco\" \/>\n<meta property=\"og:description\" content=\"\u00ab\u00a0L&rsquo;ART l\u00e0 o\u00f9 on ne l&rsquo;attend pas\u00a0\u00bb est une exposition au Parc de la Jaufertie, une zone commerciale, \u00e0 Soyaux. Une galerie \u00e9ph\u00e9m\u00e8re du 6 au 28 septembre 2019 o\u00f9 Marino et Chrisco exposent aux c\u00f4t\u00e9s de Kegrea, Face Cach\u00e9e, les [&hellip;]\" \/>\n<meta property=\"og:url\" content=\"https:\/\/marinoetchrisco.fr\/?p=2927\" \/>\n<meta property=\"og:site_name\" content=\"Marino &amp; Chrisco\" \/>\n<meta property=\"article:published_time\" content=\"2019-09-06T15:51:00+00:00\" \/>\n<meta property=\"article:modified_time\" content=\"2021-05-15T15:55:33+00:00\" \/>\n<meta property=\"og:image\" content=\"https:\/\/marinoetchrisco.fr\/wp-content\/uploads\/2021\/05\/IMG_0363-scaled.jpg\" \/>\n\t<meta property=\"og:image:width\" content=\"2560\" \/>\n\t<meta property=\"og:image:height\" content=\"1920\" \/>\n\t<meta property=\"og:image:type\" content=\"image\/jpeg\" \/>\n<meta name=\"author\" content=\"admin3119\" \/>\n<meta name=\"twitter:card\" content=\"summary_large_image\" \/>\n<meta name=\"twitter:label1\" content=\"\u00c9crit par\" \/>\n\t<meta name=\"twitter:data1\" content=\"admin3119\" \/>\n\t<meta name=\"twitter:label2\" content=\"Dur\u00e9e de lecture estim\u00e9e\" \/>\n\t<meta name=\"twitter:data2\" content=\"2 minutes\" \/>\n<script type=\"application\/ld+json\" class=\"yoast-schema-graph\">{\"@context\":\"https:\\\/\\\/schema.org\",\"@graph\":[{\"@type\":\"Article\",\"@id\":\"https:\\\/\\\/marinoetchrisco.fr\\\/?p=2927#article\",\"isPartOf\":{\"@id\":\"https:\\\/\\\/marinoetchrisco.fr\\\/?p=2927\"},\"author\":{\"name\":\"admin3119\",\"@id\":\"https:\\\/\\\/marinoetchrisco.fr\\\/#\\\/schema\\\/person\\\/47f69b6a26fee2553f99c04d68c6657d\"},\"headline\":\"Exposition \u00ab L\u2019ART l\u00e0 o\u00f9 on ne l\u2019attend pas \u00bb\",\"datePublished\":\"2019-09-06T15:51:00+00:00\",\"dateModified\":\"2021-05-15T15:55:33+00:00\",\"mainEntityOfPage\":{\"@id\":\"https:\\\/\\\/marinoetchrisco.fr\\\/?p=2927\"},\"wordCount\":100,\"commentCount\":0,\"image\":{\"@id\":\"https:\\\/\\\/marinoetchrisco.fr\\\/?p=2927#primaryimage\"},\"thumbnailUrl\":\"https:\\\/\\\/marinoetchrisco.fr\\\/wp-content\\\/uploads\\\/2021\\\/05\\\/IMG_0363-scaled.jpg\",\"keywords\":[\"Grimmades\",\"Les relations\",\"Soyaux\"],\"articleSection\":[\"Exposition\",\"Illustration\"],\"inLanguage\":\"fr-FR\",\"potentialAction\":[{\"@type\":\"CommentAction\",\"name\":\"Comment\",\"target\":[\"https:\\\/\\\/marinoetchrisco.fr\\\/?p=2927#respond\"]}]},{\"@type\":\"WebPage\",\"@id\":\"https:\\\/\\\/marinoetchrisco.fr\\\/?p=2927\",\"url\":\"https:\\\/\\\/marinoetchrisco.fr\\\/?p=2927\",\"name\":\"Exposition \u00ab L\u2019ART l\u00e0 o\u00f9 on ne l\u2019attend pas \u00bb - Marino &amp; Chrisco\",\"isPartOf\":{\"@id\":\"https:\\\/\\\/marinoetchrisco.fr\\\/#website\"},\"primaryImageOfPage\":{\"@id\":\"https:\\\/\\\/marinoetchrisco.fr\\\/?p=2927#primaryimage\"},\"image\":{\"@id\":\"https:\\\/\\\/marinoetchrisco.fr\\\/?p=2927#primaryimage\"},\"thumbnailUrl\":\"https:\\\/\\\/marinoetchrisco.fr\\\/wp-content\\\/uploads\\\/2021\\\/05\\\/IMG_0363-scaled.jpg\",\"datePublished\":\"2019-09-06T15:51:00+00:00\",\"dateModified\":\"2021-05-15T15:55:33+00:00\",\"author\":{\"@id\":\"https:\\\/\\\/marinoetchrisco.fr\\\/#\\\/schema\\\/person\\\/47f69b6a26fee2553f99c04d68c6657d\"},\"breadcrumb\":{\"@id\":\"https:\\\/\\\/marinoetchrisco.fr\\\/?p=2927#breadcrumb\"},\"inLanguage\":\"fr-FR\",\"potentialAction\":[{\"@type\":\"ReadAction\",\"target\":[\"https:\\\/\\\/marinoetchrisco.fr\\\/?p=2927\"]}]},{\"@type\":\"ImageObject\",\"inLanguage\":\"fr-FR\",\"@id\":\"https:\\\/\\\/marinoetchrisco.fr\\\/?p=2927#primaryimage\",\"url\":\"https:\\\/\\\/marinoetchrisco.fr\\\/wp-content\\\/uploads\\\/2021\\\/05\\\/IMG_0363-scaled.jpg\",\"contentUrl\":\"https:\\\/\\\/marinoetchrisco.fr\\\/wp-content\\\/uploads\\\/2021\\\/05\\\/IMG_0363-scaled.jpg\",\"width\":2560,\"height\":1920},{\"@type\":\"BreadcrumbList\",\"@id\":\"https:\\\/\\\/marinoetchrisco.fr\\\/?p=2927#breadcrumb\",\"itemListElement\":[{\"@type\":\"ListItem\",\"position\":1,\"name\":\"Accueil\",\"item\":\"https:\\\/\\\/marinoetchrisco.fr\\\/\"},{\"@type\":\"ListItem\",\"position\":2,\"name\":\"Exposition \u00ab L\u2019ART l\u00e0 o\u00f9 on ne l\u2019attend pas \u00bb\"}]},{\"@type\":\"WebSite\",\"@id\":\"https:\\\/\\\/marinoetchrisco.fr\\\/#website\",\"url\":\"https:\\\/\\\/marinoetchrisco.fr\\\/\",\"name\":\"Marino &amp; Chrisco\",\"description\":\"Un duo color\u00e9 !\",\"potentialAction\":[{\"@type\":\"SearchAction\",\"target\":{\"@type\":\"EntryPoint\",\"urlTemplate\":\"https:\\\/\\\/marinoetchrisco.fr\\\/?s={search_term_string}\"},\"query-input\":{\"@type\":\"PropertyValueSpecification\",\"valueRequired\":true,\"valueName\":\"search_term_string\"}}],\"inLanguage\":\"fr-FR\"},{\"@type\":\"Person\",\"@id\":\"https:\\\/\\\/marinoetchrisco.fr\\\/#\\\/schema\\\/person\\\/47f69b6a26fee2553f99c04d68c6657d\",\"name\":\"admin3119\",\"image\":{\"@type\":\"ImageObject\",\"inLanguage\":\"fr-FR\",\"@id\":\"https:\\\/\\\/secure.gravatar.com\\\/avatar\\\/39a787d309da808328b816a4d463bbf9a10c1c407418b6a5dbf58c6160591f60?s=96&d=mm&r=g\",\"url\":\"https:\\\/\\\/secure.gravatar.com\\\/avatar\\\/39a787d309da808328b816a4d463bbf9a10c1c407418b6a5dbf58c6160591f60?s=96&d=mm&r=g\",\"contentUrl\":\"https:\\\/\\\/secure.gravatar.com\\\/avatar\\\/39a787d309da808328b816a4d463bbf9a10c1c407418b6a5dbf58c6160591f60?s=96&d=mm&r=g\",\"caption\":\"admin3119\"},\"sameAs\":[\"http:\\\/\\\/marinoetchrisco.fr\"],\"url\":\"https:\\\/\\\/marinoetchrisco.fr\\\/?author=1\"}]}<\/script>\n<!-- \/ Yoast SEO plugin. -->","yoast_head_json":{"title":"Exposition \u00ab L\u2019ART l\u00e0 o\u00f9 on ne l\u2019attend pas \u00bb - Marino &amp; Chrisco","robots":{"index":"index","follow":"follow","max-snippet":"max-snippet:-1","max-image-preview":"max-image-preview:large","max-video-preview":"max-video-preview:-1"},"canonical":"https:\/\/marinoetchrisco.fr\/?p=2927","og_locale":"fr_FR","og_type":"article","og_title":"Exposition \u00ab L\u2019ART l\u00e0 o\u00f9 on ne l\u2019attend pas \u00bb - Marino &amp; Chrisco","og_description":"\u00ab\u00a0L&rsquo;ART l\u00e0 o\u00f9 on ne l&rsquo;attend pas\u00a0\u00bb est une exposition au Parc de la Jaufertie, une zone commerciale, \u00e0 Soyaux. Une galerie \u00e9ph\u00e9m\u00e8re du 6 au 28 septembre 2019 o\u00f9 Marino et Chrisco exposent aux c\u00f4t\u00e9s de Kegrea, Face Cach\u00e9e, les [&hellip;]","og_url":"https:\/\/marinoetchrisco.fr\/?p=2927","og_site_name":"Marino &amp; Chrisco","article_published_time":"2019-09-06T15:51:00+00:00","article_modified_time":"2021-05-15T15:55:33+00:00","og_image":[{"width":2560,"height":1920,"url":"https:\/\/marinoetchrisco.fr\/wp-content\/uploads\/2021\/05\/IMG_0363-scaled.jpg","type":"image\/jpeg"}],"author":"admin3119","twitter_card":"summary_large_image","twitter_misc":{"\u00c9crit par":"admin3119","Dur\u00e9e de lecture estim\u00e9e":"2 minutes"},"schema":{"@context":"https:\/\/schema.org","@graph":[{"@type":"Article","@id":"https:\/\/marinoetchrisco.fr\/?p=2927#article","isPartOf":{"@id":"https:\/\/marinoetchrisco.fr\/?p=2927"},"author":{"name":"admin3119","@id":"https:\/\/marinoetchrisco.fr\/#\/schema\/person\/47f69b6a26fee2553f99c04d68c6657d"},"headline":"Exposition \u00ab L\u2019ART l\u00e0 o\u00f9 on ne l\u2019attend pas \u00bb","datePublished":"2019-09-06T15:51:00+00:00","dateModified":"2021-05-15T15:55:33+00:00","mainEntityOfPage":{"@id":"https:\/\/marinoetchrisco.fr\/?p=2927"},"wordCount":100,"commentCount":0,"image":{"@id":"https:\/\/marinoetchrisco.fr\/?p=2927#primaryimage"},"thumbnailUrl":"https:\/\/marinoetchrisco.fr\/wp-content\/uploads\/2021\/05\/IMG_0363-scaled.jpg","keywords":["Grimmades","Les relations","Soyaux"],"articleSection":["Exposition","Illustration"],"inLanguage":"fr-FR","potentialAction":[{"@type":"CommentAction","name":"Comment","target":["https:\/\/marinoetchrisco.fr\/?p=2927#respond"]}]},{"@type":"WebPage","@id":"https:\/\/marinoetchrisco.fr\/?p=2927","url":"https:\/\/marinoetchrisco.fr\/?p=2927","name":"Exposition \u00ab L\u2019ART l\u00e0 o\u00f9 on ne l\u2019attend pas \u00bb - Marino &amp; Chrisco","isPartOf":{"@id":"https:\/\/marinoetchrisco.fr\/#website"},"primaryImageOfPage":{"@id":"https:\/\/marinoetchrisco.fr\/?p=2927#primaryimage"},"image":{"@id":"https:\/\/marinoetchrisco.fr\/?p=2927#primaryimage"},"thumbnailUrl":"https:\/\/marinoetchrisco.fr\/wp-content\/uploads\/2021\/05\/IMG_0363-scaled.jpg","datePublished":"2019-09-06T15:51:00+00:00","dateModified":"2021-05-15T15:55:33+00:00","author":{"@id":"https:\/\/marinoetchrisco.fr\/#\/schema\/person\/47f69b6a26fee2553f99c04d68c6657d"},"breadcrumb":{"@id":"https:\/\/marinoetchrisco.fr\/?p=2927#breadcrumb"},"inLanguage":"fr-FR","potentialAction":[{"@type":"ReadAction","target":["https:\/\/marinoetchrisco.fr\/?p=2927"]}]},{"@type":"ImageObject","inLanguage":"fr-FR","@id":"https:\/\/marinoetchrisco.fr\/?p=2927#primaryimage","url":"https:\/\/marinoetchrisco.fr\/wp-content\/uploads\/2021\/05\/IMG_0363-scaled.jpg","contentUrl":"https:\/\/marinoetchrisco.fr\/wp-content\/uploads\/2021\/05\/IMG_0363-scaled.jpg","width":2560,"height":1920},{"@type":"BreadcrumbList","@id":"https:\/\/marinoetchrisco.fr\/?p=2927#breadcrumb","itemListElement":[{"@type":"ListItem","position":1,"name":"Accueil","item":"https:\/\/marinoetchrisco.fr\/"},{"@type":"ListItem","position":2,"name":"Exposition \u00ab L\u2019ART l\u00e0 o\u00f9 on ne l\u2019attend pas \u00bb"}]},{"@type":"WebSite","@id":"https:\/\/marinoetchrisco.fr\/#website","url":"https:\/\/marinoetchrisco.fr\/","name":"Marino &amp; Chrisco","description":"Un duo color\u00e9 !","potentialAction":[{"@type":"SearchAction","target":{"@type":"EntryPoint","urlTemplate":"https:\/\/marinoetchrisco.fr\/?s={search_term_string}"},"query-input":{"@type":"PropertyValueSpecification","valueRequired":true,"valueName":"search_term_string"}}],"inLanguage":"fr-FR"},{"@type":"Person","@id":"https:\/\/marinoetchrisco.fr\/#\/schema\/person\/47f69b6a26fee2553f99c04d68c6657d","name":"admin3119","image":{"@type":"ImageObject","inLanguage":"fr-FR","@id":"https:\/\/secure.gravatar.com\/avatar\/39a787d309da808328b816a4d463bbf9a10c1c407418b6a5dbf58c6160591f60?s=96&d=mm&r=g","url":"https:\/\/secure.gravatar.com\/avatar\/39a787d309da808328b816a4d463bbf9a10c1c407418b6a5dbf58c6160591f60?s=96&d=mm&r=g","contentUrl":"https:\/\/secure.gravatar.com\/avatar\/39a787d309da808328b816a4d463bbf9a10c1c407418b6a5dbf58c6160591f60?s=96&d=mm&r=g","caption":"admin3119"},"sameAs":["http:\/\/marinoetchrisco.fr"],"url":"https:\/\/marinoetchrisco.fr\/?author=1"}]}},"jetpack_featured_media_url":"https:\/\/marinoetchrisco.fr\/wp-content\/uploads\/2021\/05\/IMG_0363-scaled.jpg","jetpack_sharing_enabled":true,"_links":{"self":[{"href":"https:\/\/marinoetchrisco.fr\/index.php?rest_route=\/wp\/v2\/posts\/2927","targetHints":{"allow":["GET"]}}],"collection":[{"href":"https:\/\/marinoetchrisco.fr\/index.php?rest_route=\/wp\/v2\/posts"}],"about":[{"href":"https:\/\/marinoetchrisco.fr\/index.php?rest_route=\/wp\/v2\/types\/post"}],"author":[{"embeddable":true,"href":"https:\/\/marinoetchrisco.fr\/index.php?rest_route=\/wp\/v2\/users\/1"}],"replies":[{"embeddable":true,"href":"https:\/\/marinoetchrisco.fr\/index.php?rest_route=%2Fwp%2Fv2%2Fcomments&post=2927"}],"version-history":[{"count":5,"href":"https:\/\/marinoetchrisco.fr\/index.php?rest_route=\/wp\/v2\/posts\/2927\/revisions"}],"predecessor-version":[{"id":2938,"href":"https:\/\/marinoetchrisco.fr\/index.php?rest_route=\/wp\/v2\/posts\/2927\/revisions\/2938"}],"wp:featuredmedia":[{"embeddable":true,"href":"https:\/\/marinoetchrisco.fr\/index.php?rest_route=\/wp\/v2\/media\/2931"}],"wp:attachment":[{"href":"https:\/\/marinoetchrisco.fr\/index.php?rest_route=%2Fwp%2Fv2%2Fmedia&parent=2927"}],"wp:term":[{"taxonomy":"category","embeddable":true,"href":"https:\/\/marinoetchrisco.fr\/index.php?rest_route=%2Fwp%2Fv2%2Fcategories&post=2927"},{"taxonomy":"post_tag","embeddable":true,"href":"https:\/\/marinoetchrisco.fr\/index.php?rest_route=%2Fwp%2Fv2%2Ftags&post=2927"}],"curies":[{"name":"wp","href":"https:\/\/api.w.org\/{rel}","templated":true}]}}