{"id":2909,"date":"2021-01-02T16:18:00","date_gmt":"2021-01-02T15:18:00","guid":{"rendered":"http:\/\/marinoetchrisco.fr\/?p=2909"},"modified":"2022-12-06T19:42:18","modified_gmt":"2022-12-06T18:42:18","slug":"tote-bag-je-suis-une-renne","status":"publish","type":"post","link":"https:\/\/marinoetchrisco.fr\/?p=2909","title":{"rendered":"Tote bag \u00ab\u00a0Je suis une renne\u00a0\u00bb"},"content":{"rendered":"\n<p>Ce tote bag noir \u00ab\u00a0Je suis une renne\u00a0\u00bb est en vente \u00e0 7 \u20ac sur notre boutique SumUp : <br><a href=\"https:\/\/marinoetchrisco.sumup.link\/?fbclid=IwAR1hmDDBNDzJbW8OqNaquacWoTvB_cnx7bnJzfgIgxEkzV1WQvDs00Z-tJo\" rel=\"noreferrer noopener\" target=\"_blank\">https:\/\/marinoetchrisco.sumup.link\/<\/a><\/p>\n\n\n\n<p>Ce sac noir est en coton naturel. <br>Dimension : 38 cm x 42 cm sans les anses.<br>Livraison gratuite sur Angoul\u00eame et ses alentours sur demande.<\/p>\n\n\n\n<div style=\"height:48px\" aria-hidden=\"true\" class=\"wp-block-spacer\"><\/div>\n\n\n\n<figure class=\"wp-block-image size-large\"><img loading=\"lazy\" decoding=\"async\" width=\"879\" height=\"1000\" src=\"http:\/\/marinoetchrisco.fr\/wp-content\/uploads\/2021\/05\/illustration.jpg\" alt=\"\" class=\"wp-image-2911\" srcset=\"https:\/\/marinoetchrisco.fr\/wp-content\/uploads\/2021\/05\/illustration.jpg 879w, https:\/\/marinoetchrisco.fr\/wp-content\/uploads\/2021\/05\/illustration-264x300.jpg 264w, https:\/\/marinoetchrisco.fr\/wp-content\/uploads\/2021\/05\/illustration-768x874.jpg 768w, https:\/\/marinoetchrisco.fr\/wp-content\/uploads\/2021\/05\/illustration-600x683.jpg 600w\" sizes=\"auto, (max-width: 879px) 100vw, 879px\" \/><\/figure>\n","protected":false},"excerpt":{"rendered":"<p>Ce tote bag noir \u00ab\u00a0Je suis une renne\u00a0\u00bb est en vente \u00e0 7 \u20ac sur notre boutique SumUp : https:\/\/marinoetchrisco.sumup.link\/ Ce sac noir est en coton naturel. Dimension : 38 cm x 42 cm sans les anses.Livraison gratuite sur Angoul\u00eame et [&hellip;]<\/p>\n","protected":false},"author":1,"featured_media":2910,"comment_status":"open","ping_status":"open","sticky":false,"template":"","format":"standard","meta":{"jetpack_post_was_ever_published":false,"_jetpack_newsletter_access":"","_jetpack_dont_email_post_to_subs":false,"_jetpack_newsletter_tier_id":0,"_jetpack_memberships_contains_paywalled_content":false,"_jetpack_memberships_contains_paid_content":false,"footnotes":""},"categories":[1,265],"tags":[264,262,263],"class_list":["post-2909","post","type-post","status-publish","format-standard","has-post-thumbnail","hentry","category-non-classe","category-sac","tag-renne","tag-sac","tag-tote-bag"],"yoast_head":"<!-- This site is optimized with the Yoast SEO plugin v27.5 - https:\/\/yoast.com\/product\/yoast-seo-wordpress\/ -->\n<title>Tote bag &quot;Je suis une renne&quot; - Marino &amp; Chrisco<\/title>\n<meta name=\"robots\" content=\"index, follow, max-snippet:-1, max-image-preview:large, max-video-preview:-1\" \/>\n<link rel=\"canonical\" href=\"https:\/\/marinoetchrisco.fr\/?p=2909\" \/>\n<meta property=\"og:locale\" content=\"fr_FR\" \/>\n<meta property=\"og:type\" content=\"article\" \/>\n<meta property=\"og:title\" content=\"Tote bag &quot;Je suis une renne&quot; - Marino &amp; Chrisco\" \/>\n<meta property=\"og:description\" content=\"Ce tote bag noir \u00ab\u00a0Je suis une renne\u00a0\u00bb est en vente \u00e0 7 \u20ac sur notre boutique SumUp : https:\/\/marinoetchrisco.sumup.link\/ Ce sac noir est en coton naturel. Dimension : 38 cm x 42 cm sans les anses.Livraison gratuite sur Angoul\u00eame et [&hellip;]\" \/>\n<meta property=\"og:url\" content=\"https:\/\/marinoetchrisco.fr\/?p=2909\" \/>\n<meta property=\"og:site_name\" content=\"Marino &amp; Chrisco\" \/>\n<meta property=\"article:published_time\" content=\"2021-01-02T15:18:00+00:00\" \/>\n<meta property=\"article:modified_time\" content=\"2022-12-06T18:42:18+00:00\" \/>\n<meta property=\"og:image\" content=\"https:\/\/marinoetchrisco.fr\/wp-content\/uploads\/2021\/05\/Canvas_Bag_Mockup_05_web.jpg\" \/>\n\t<meta property=\"og:image:width\" content=\"1000\" \/>\n\t<meta property=\"og:image:height\" content=\"1000\" \/>\n\t<meta property=\"og:image:type\" content=\"image\/jpeg\" \/>\n<meta name=\"author\" content=\"admin3119\" \/>\n<meta name=\"twitter:card\" content=\"summary_large_image\" \/>\n<meta name=\"twitter:label1\" content=\"\u00c9crit par\" \/>\n\t<meta name=\"twitter:data1\" content=\"admin3119\" \/>\n\t<meta name=\"twitter:label2\" content=\"Dur\u00e9e de lecture estim\u00e9e\" \/>\n\t<meta name=\"twitter:data2\" content=\"1 minute\" \/>\n<script type=\"application\/ld+json\" class=\"yoast-schema-graph\">{\"@context\":\"https:\\\/\\\/schema.org\",\"@graph\":[{\"@type\":\"Article\",\"@id\":\"https:\\\/\\\/marinoetchrisco.fr\\\/?p=2909#article\",\"isPartOf\":{\"@id\":\"https:\\\/\\\/marinoetchrisco.fr\\\/?p=2909\"},\"author\":{\"name\":\"admin3119\",\"@id\":\"https:\\\/\\\/marinoetchrisco.fr\\\/#\\\/schema\\\/person\\\/47f69b6a26fee2553f99c04d68c6657d\"},\"headline\":\"Tote bag \u00ab\u00a0Je suis une renne\u00a0\u00bb\",\"datePublished\":\"2021-01-02T15:18:00+00:00\",\"dateModified\":\"2022-12-06T18:42:18+00:00\",\"mainEntityOfPage\":{\"@id\":\"https:\\\/\\\/marinoetchrisco.fr\\\/?p=2909\"},\"wordCount\":49,\"commentCount\":0,\"image\":{\"@id\":\"https:\\\/\\\/marinoetchrisco.fr\\\/?p=2909#primaryimage\"},\"thumbnailUrl\":\"https:\\\/\\\/marinoetchrisco.fr\\\/wp-content\\\/uploads\\\/2021\\\/05\\\/Canvas_Bag_Mockup_05_web.jpg\",\"keywords\":[\"renne\",\"sac\",\"tote bag\"],\"articleSection\":{\"1\":\"Sac\"},\"inLanguage\":\"fr-FR\",\"potentialAction\":[{\"@type\":\"CommentAction\",\"name\":\"Comment\",\"target\":[\"https:\\\/\\\/marinoetchrisco.fr\\\/?p=2909#respond\"]}]},{\"@type\":\"WebPage\",\"@id\":\"https:\\\/\\\/marinoetchrisco.fr\\\/?p=2909\",\"url\":\"https:\\\/\\\/marinoetchrisco.fr\\\/?p=2909\",\"name\":\"Tote bag \\\"Je suis une renne\\\" - Marino &amp; Chrisco\",\"isPartOf\":{\"@id\":\"https:\\\/\\\/marinoetchrisco.fr\\\/#website\"},\"primaryImageOfPage\":{\"@id\":\"https:\\\/\\\/marinoetchrisco.fr\\\/?p=2909#primaryimage\"},\"image\":{\"@id\":\"https:\\\/\\\/marinoetchrisco.fr\\\/?p=2909#primaryimage\"},\"thumbnailUrl\":\"https:\\\/\\\/marinoetchrisco.fr\\\/wp-content\\\/uploads\\\/2021\\\/05\\\/Canvas_Bag_Mockup_05_web.jpg\",\"datePublished\":\"2021-01-02T15:18:00+00:00\",\"dateModified\":\"2022-12-06T18:42:18+00:00\",\"author\":{\"@id\":\"https:\\\/\\\/marinoetchrisco.fr\\\/#\\\/schema\\\/person\\\/47f69b6a26fee2553f99c04d68c6657d\"},\"breadcrumb\":{\"@id\":\"https:\\\/\\\/marinoetchrisco.fr\\\/?p=2909#breadcrumb\"},\"inLanguage\":\"fr-FR\",\"potentialAction\":[{\"@type\":\"ReadAction\",\"target\":[\"https:\\\/\\\/marinoetchrisco.fr\\\/?p=2909\"]}]},{\"@type\":\"ImageObject\",\"inLanguage\":\"fr-FR\",\"@id\":\"https:\\\/\\\/marinoetchrisco.fr\\\/?p=2909#primaryimage\",\"url\":\"https:\\\/\\\/marinoetchrisco.fr\\\/wp-content\\\/uploads\\\/2021\\\/05\\\/Canvas_Bag_Mockup_05_web.jpg\",\"contentUrl\":\"https:\\\/\\\/marinoetchrisco.fr\\\/wp-content\\\/uploads\\\/2021\\\/05\\\/Canvas_Bag_Mockup_05_web.jpg\",\"width\":1000,\"height\":1000},{\"@type\":\"BreadcrumbList\",\"@id\":\"https:\\\/\\\/marinoetchrisco.fr\\\/?p=2909#breadcrumb\",\"itemListElement\":[{\"@type\":\"ListItem\",\"position\":1,\"name\":\"Accueil\",\"item\":\"https:\\\/\\\/marinoetchrisco.fr\\\/\"},{\"@type\":\"ListItem\",\"position\":2,\"name\":\"Tote bag \u00ab\u00a0Je suis une renne\u00a0\u00bb\"}]},{\"@type\":\"WebSite\",\"@id\":\"https:\\\/\\\/marinoetchrisco.fr\\\/#website\",\"url\":\"https:\\\/\\\/marinoetchrisco.fr\\\/\",\"name\":\"Marino &amp; Chrisco\",\"description\":\"Un duo color\u00e9 !\",\"potentialAction\":[{\"@type\":\"SearchAction\",\"target\":{\"@type\":\"EntryPoint\",\"urlTemplate\":\"https:\\\/\\\/marinoetchrisco.fr\\\/?s={search_term_string}\"},\"query-input\":{\"@type\":\"PropertyValueSpecification\",\"valueRequired\":true,\"valueName\":\"search_term_string\"}}],\"inLanguage\":\"fr-FR\"},{\"@type\":\"Person\",\"@id\":\"https:\\\/\\\/marinoetchrisco.fr\\\/#\\\/schema\\\/person\\\/47f69b6a26fee2553f99c04d68c6657d\",\"name\":\"admin3119\",\"image\":{\"@type\":\"ImageObject\",\"inLanguage\":\"fr-FR\",\"@id\":\"https:\\\/\\\/secure.gravatar.com\\\/avatar\\\/39a787d309da808328b816a4d463bbf9a10c1c407418b6a5dbf58c6160591f60?s=96&d=mm&r=g\",\"url\":\"https:\\\/\\\/secure.gravatar.com\\\/avatar\\\/39a787d309da808328b816a4d463bbf9a10c1c407418b6a5dbf58c6160591f60?s=96&d=mm&r=g\",\"contentUrl\":\"https:\\\/\\\/secure.gravatar.com\\\/avatar\\\/39a787d309da808328b816a4d463bbf9a10c1c407418b6a5dbf58c6160591f60?s=96&d=mm&r=g\",\"caption\":\"admin3119\"},\"sameAs\":[\"http:\\\/\\\/marinoetchrisco.fr\"],\"url\":\"https:\\\/\\\/marinoetchrisco.fr\\\/?author=1\"}]}<\/script>\n<!-- \/ Yoast SEO plugin. -->","yoast_head_json":{"title":"Tote bag \"Je suis une renne\" - Marino &amp; Chrisco","robots":{"index":"index","follow":"follow","max-snippet":"max-snippet:-1","max-image-preview":"max-image-preview:large","max-video-preview":"max-video-preview:-1"},"canonical":"https:\/\/marinoetchrisco.fr\/?p=2909","og_locale":"fr_FR","og_type":"article","og_title":"Tote bag \"Je suis une renne\" - Marino &amp; Chrisco","og_description":"Ce tote bag noir \u00ab\u00a0Je suis une renne\u00a0\u00bb est en vente \u00e0 7 \u20ac sur notre boutique SumUp : https:\/\/marinoetchrisco.sumup.link\/ Ce sac noir est en coton naturel. Dimension : 38 cm x 42 cm sans les anses.Livraison gratuite sur Angoul\u00eame et [&hellip;]","og_url":"https:\/\/marinoetchrisco.fr\/?p=2909","og_site_name":"Marino &amp; Chrisco","article_published_time":"2021-01-02T15:18:00+00:00","article_modified_time":"2022-12-06T18:42:18+00:00","og_image":[{"width":1000,"height":1000,"url":"https:\/\/marinoetchrisco.fr\/wp-content\/uploads\/2021\/05\/Canvas_Bag_Mockup_05_web.jpg","type":"image\/jpeg"}],"author":"admin3119","twitter_card":"summary_large_image","twitter_misc":{"\u00c9crit par":"admin3119","Dur\u00e9e de lecture estim\u00e9e":"1 minute"},"schema":{"@context":"https:\/\/schema.org","@graph":[{"@type":"Article","@id":"https:\/\/marinoetchrisco.fr\/?p=2909#article","isPartOf":{"@id":"https:\/\/marinoetchrisco.fr\/?p=2909"},"author":{"name":"admin3119","@id":"https:\/\/marinoetchrisco.fr\/#\/schema\/person\/47f69b6a26fee2553f99c04d68c6657d"},"headline":"Tote bag \u00ab\u00a0Je suis une renne\u00a0\u00bb","datePublished":"2021-01-02T15:18:00+00:00","dateModified":"2022-12-06T18:42:18+00:00","mainEntityOfPage":{"@id":"https:\/\/marinoetchrisco.fr\/?p=2909"},"wordCount":49,"commentCount":0,"image":{"@id":"https:\/\/marinoetchrisco.fr\/?p=2909#primaryimage"},"thumbnailUrl":"https:\/\/marinoetchrisco.fr\/wp-content\/uploads\/2021\/05\/Canvas_Bag_Mockup_05_web.jpg","keywords":["renne","sac","tote bag"],"articleSection":{"1":"Sac"},"inLanguage":"fr-FR","potentialAction":[{"@type":"CommentAction","name":"Comment","target":["https:\/\/marinoetchrisco.fr\/?p=2909#respond"]}]},{"@type":"WebPage","@id":"https:\/\/marinoetchrisco.fr\/?p=2909","url":"https:\/\/marinoetchrisco.fr\/?p=2909","name":"Tote bag \"Je suis une renne\" - Marino &amp; Chrisco","isPartOf":{"@id":"https:\/\/marinoetchrisco.fr\/#website"},"primaryImageOfPage":{"@id":"https:\/\/marinoetchrisco.fr\/?p=2909#primaryimage"},"image":{"@id":"https:\/\/marinoetchrisco.fr\/?p=2909#primaryimage"},"thumbnailUrl":"https:\/\/marinoetchrisco.fr\/wp-content\/uploads\/2021\/05\/Canvas_Bag_Mockup_05_web.jpg","datePublished":"2021-01-02T15:18:00+00:00","dateModified":"2022-12-06T18:42:18+00:00","author":{"@id":"https:\/\/marinoetchrisco.fr\/#\/schema\/person\/47f69b6a26fee2553f99c04d68c6657d"},"breadcrumb":{"@id":"https:\/\/marinoetchrisco.fr\/?p=2909#breadcrumb"},"inLanguage":"fr-FR","potentialAction":[{"@type":"ReadAction","target":["https:\/\/marinoetchrisco.fr\/?p=2909"]}]},{"@type":"ImageObject","inLanguage":"fr-FR","@id":"https:\/\/marinoetchrisco.fr\/?p=2909#primaryimage","url":"https:\/\/marinoetchrisco.fr\/wp-content\/uploads\/2021\/05\/Canvas_Bag_Mockup_05_web.jpg","contentUrl":"https:\/\/marinoetchrisco.fr\/wp-content\/uploads\/2021\/05\/Canvas_Bag_Mockup_05_web.jpg","width":1000,"height":1000},{"@type":"BreadcrumbList","@id":"https:\/\/marinoetchrisco.fr\/?p=2909#breadcrumb","itemListElement":[{"@type":"ListItem","position":1,"name":"Accueil","item":"https:\/\/marinoetchrisco.fr\/"},{"@type":"ListItem","position":2,"name":"Tote bag \u00ab\u00a0Je suis une renne\u00a0\u00bb"}]},{"@type":"WebSite","@id":"https:\/\/marinoetchrisco.fr\/#website","url":"https:\/\/marinoetchrisco.fr\/","name":"Marino &amp; Chrisco","description":"Un duo color\u00e9 !","potentialAction":[{"@type":"SearchAction","target":{"@type":"EntryPoint","urlTemplate":"https:\/\/marinoetchrisco.fr\/?s={search_term_string}"},"query-input":{"@type":"PropertyValueSpecification","valueRequired":true,"valueName":"search_term_string"}}],"inLanguage":"fr-FR"},{"@type":"Person","@id":"https:\/\/marinoetchrisco.fr\/#\/schema\/person\/47f69b6a26fee2553f99c04d68c6657d","name":"admin3119","image":{"@type":"ImageObject","inLanguage":"fr-FR","@id":"https:\/\/secure.gravatar.com\/avatar\/39a787d309da808328b816a4d463bbf9a10c1c407418b6a5dbf58c6160591f60?s=96&d=mm&r=g","url":"https:\/\/secure.gravatar.com\/avatar\/39a787d309da808328b816a4d463bbf9a10c1c407418b6a5dbf58c6160591f60?s=96&d=mm&r=g","contentUrl":"https:\/\/secure.gravatar.com\/avatar\/39a787d309da808328b816a4d463bbf9a10c1c407418b6a5dbf58c6160591f60?s=96&d=mm&r=g","caption":"admin3119"},"sameAs":["http:\/\/marinoetchrisco.fr"],"url":"https:\/\/marinoetchrisco.fr\/?author=1"}]}},"jetpack_featured_media_url":"https:\/\/marinoetchrisco.fr\/wp-content\/uploads\/2021\/05\/Canvas_Bag_Mockup_05_web.jpg","jetpack_sharing_enabled":true,"_links":{"self":[{"href":"https:\/\/marinoetchrisco.fr\/index.php?rest_route=\/wp\/v2\/posts\/2909","targetHints":{"allow":["GET"]}}],"collection":[{"href":"https:\/\/marinoetchrisco.fr\/index.php?rest_route=\/wp\/v2\/posts"}],"about":[{"href":"https:\/\/marinoetchrisco.fr\/index.php?rest_route=\/wp\/v2\/types\/post"}],"author":[{"embeddable":true,"href":"https:\/\/marinoetchrisco.fr\/index.php?rest_route=\/wp\/v2\/users\/1"}],"replies":[{"embeddable":true,"href":"https:\/\/marinoetchrisco.fr\/index.php?rest_route=%2Fwp%2Fv2%2Fcomments&post=2909"}],"version-history":[{"count":5,"href":"https:\/\/marinoetchrisco.fr\/index.php?rest_route=\/wp\/v2\/posts\/2909\/revisions"}],"predecessor-version":[{"id":2987,"href":"https:\/\/marinoetchrisco.fr\/index.php?rest_route=\/wp\/v2\/posts\/2909\/revisions\/2987"}],"wp:featuredmedia":[{"embeddable":true,"href":"https:\/\/marinoetchrisco.fr\/index.php?rest_route=\/wp\/v2\/media\/2910"}],"wp:attachment":[{"href":"https:\/\/marinoetchrisco.fr\/index.php?rest_route=%2Fwp%2Fv2%2Fmedia&parent=2909"}],"wp:term":[{"taxonomy":"category","embeddable":true,"href":"https:\/\/marinoetchrisco.fr\/index.php?rest_route=%2Fwp%2Fv2%2Fcategories&post=2909"},{"taxonomy":"post_tag","embeddable":true,"href":"https:\/\/marinoetchrisco.fr\/index.php?rest_route=%2Fwp%2Fv2%2Ftags&post=2909"}],"curies":[{"name":"wp","href":"https:\/\/api.w.org\/{rel}","templated":true}]}}