{"id":2745,"date":"2018-09-01T19:23:00","date_gmt":"2018-09-01T17:23:00","guid":{"rendered":"http:\/\/marinoetchrisco.fr\/?p=2745"},"modified":"2021-05-12T18:49:01","modified_gmt":"2021-05-12T16:49:01","slug":"les-grimmades","status":"publish","type":"post","link":"https:\/\/marinoetchrisco.fr\/?p=2745","title":{"rendered":"Entretien \u00ab\u00a0Les Grimmades\u00a0\u00bb"},"content":{"rendered":"\n<p class=\"has-text-color has-medium-font-size\" style=\"color:#344d9f\"><strong>Entretien avec Florence Toussan pour la revue \u00ab\u00a0PROXIMIT\u00c9S, arts et litt\u00e9ratures\u00a0\u00bb \u00e9dit\u00e9e par <a href=\"https:\/\/www.latelierimis.fr\/edition-revue\/proximites-numero-2\/\" target=\"_blank\" rel=\"noreferrer noopener\">l&rsquo;Atelier IMIS<\/a><\/strong><\/p>\n\n\n\n<p class=\"has-normal-font-size\"><strong>L\u2019approche cr\u00e9ative de ce duo se caract\u00e9rise par un monde imaginaire, po\u00e9tique, graphique avec un univers tr\u00e8s color\u00e9.<br>Avec la s\u00e9rie d\u2019illustration \u00ab&nbsp;Les Grimmades&nbsp;\u00bb, qui d\u00e9bute par la lecture de contes des fr\u00e8res Grimm 1, Marino et Chrisco \u00e9cr\u00e8ment de ces contes la substance pour cr\u00e9er des illustrations avec des personnages zoomorphes ou dans un \u00e9tat de m\u00e9tamorphose o\u00f9 l\u2019\u00eatre humain peut devenir animal ou v\u00e9g\u00e9tal.<br>Ils transposent certains de leurs personnages en volume avec notamment des masques en papier m\u00e2ch\u00e9 qui permettent d\u2019op\u00e9rer la mue des personnages o\u00f9 l\u2019on peut \u00e0 son tour se dissimuler pour en quelque sorte leur donner vie. Avec la mise en sc\u00e8ne photographique de ces masques, une esp\u00e8ce de boucle s\u2019op\u00e8re pour s\u2019\u00e9chapper dans une atmosph\u00e8re onirique.<\/strong><\/p>\n\n\n\n<div class=\"wp-block-group\"><div class=\"wp-block-group__inner-container is-layout-flow wp-block-group-is-layout-flow\">\n<div class=\"wp-block-group\"><div class=\"wp-block-group__inner-container is-layout-flow wp-block-group-is-layout-flow\">\n<div class=\"wp-block-group is-layout-flow wp-block-group-is-layout-flow\"><div class=\"wp-block-group__inner-container\"><\/div><\/div>\n\n\n\n<div class=\"wp-block-columns is-layout-flex wp-container-core-columns-is-layout-9d6595d7 wp-block-columns-is-layout-flex\">\n<div class=\"wp-block-column is-layout-flow wp-block-column-is-layout-flow\">\n<div class=\"wp-block-image\"><figure class=\"aligncenter size-large is-resized\"><img loading=\"lazy\" decoding=\"async\" src=\"http:\/\/marinoetchrisco.fr\/wp-content\/uploads\/2021\/05\/25ou35_Corneille.jpg\" alt=\"\" class=\"wp-image-2750\" width=\"402\" height=\"567\" srcset=\"https:\/\/marinoetchrisco.fr\/wp-content\/uploads\/2021\/05\/25ou35_Corneille.jpg 402w, https:\/\/marinoetchrisco.fr\/wp-content\/uploads\/2021\/05\/25ou35_Corneille-213x300.jpg 213w\" sizes=\"auto, (max-width: 402px) 100vw, 402px\" \/><figcaption><sup><span class=\"has-inline-color has-cyan-bluish-gray-color\">La Corneille, illustration libre d&rsquo;apr\u00e8s le conte \u00e9ponyme des Fr\u00e8res Grimm, 2017<\/span><\/sup><\/figcaption><\/figure><\/div>\n<\/div>\n\n\n\n<div class=\"wp-block-column is-layout-flow wp-block-column-is-layout-flow\">\n<figure class=\"wp-block-image size-large is-resized\"><img loading=\"lazy\" decoding=\"async\" src=\"http:\/\/marinoetchrisco.fr\/wp-content\/uploads\/2021\/05\/25_Le-Genevrier.jpg\" alt=\"Bel Oiseau, illustration libre d'apr\u00e8s le conte &quot;Le  conte du Gen\u00e9vrier&quot; des Fr\u00e8res Grimm, 2017\" class=\"wp-image-2751\" width=\"401\" height=\"567\" srcset=\"https:\/\/marinoetchrisco.fr\/wp-content\/uploads\/2021\/05\/25_Le-Genevrier.jpg 401w, https:\/\/marinoetchrisco.fr\/wp-content\/uploads\/2021\/05\/25_Le-Genevrier-212x300.jpg 212w\" sizes=\"auto, (max-width: 401px) 100vw, 401px\" \/><figcaption><sup><span class=\"has-inline-color has-cyan-bluish-gray-color\">Bel Oiseau, illustration libre d&rsquo;apr\u00e8s le conte \u00ab\u00a0Le  conte du Gen\u00e9vrier\u00a0\u00bb des Fr\u00e8res Grimm, 201<\/span><\/sup><\/figcaption><\/figure>\n<\/div>\n<\/div>\n<\/div><\/div>\n<\/div><\/div>\n\n\n\n<h4 class=\"wp-block-heading\"><strong>L\u2019originalit\u00e9 de votre travail r\u00e9side dans le duo. <\/strong><br><strong>Comment fonctionnez-vous&nbsp;?<\/strong><\/h4>\n\n\n\n<p class=\"has-normal-font-size\">L\u2019id\u00e9e d\u00e9marre \u00e0 deux, par une discussion autour de l\u2019image et apr\u00e8s le travail se r\u00e9partit. Je suis \u00ab&nbsp;les mains&nbsp;\u00bb, c\u2019est moi qui dessine, Chrisco r\u00e9cup\u00e8re le dessin et c\u2019est lui qui fait le travail de graphisme, la vectorisation, la mise en page, la mise en couleurs\u2026 N\u00e9anmoins, \u00e0 chaque \u00e9tape, il y a discussion sur le dessin, le choix des couleurs, c\u2019est vraiment une r\u00e9alisation \u00e0 quatre mains.<\/p>\n\n\n\n<h4 class=\"has-text-align-left wp-block-heading\"><strong>La d\u00e9marche artistique part d\u2019un choix de sujet, comme les contes de Grimm qui ne sont pas forc\u00e9ment faciles d\u2019acc\u00e8s dans leur forme originale.<\/strong><\/h4>\n\n\n\n<p class=\"has-normal-font-size\">Je me suis toujours int\u00e9ress\u00e9e au conte, j\u2019ai relu par hasard \u00ab&nbsp;Fr\u00e9rot et S\u0153urette&nbsp;\u00bb qui m\u2019a inspir\u00e9 un dessin. C\u2019est l\u2019id\u00e9e de la m\u00e9tamorphose que j\u2019ai eu envie d\u2019aborder par le dessin. J\u2019ai demand\u00e9 son avis \u00e0 Chrisco et \u00e0 partir de l\u00e0, il a eu envie que l\u2019on travaille ensemble. J\u2019ai lu deux recueils de contes et j\u2019ai s\u00e9lectionn\u00e9 les textes qui traitaient de la m\u00e9tamorphose, on a discut\u00e9 chaque texte pour faire surgir l\u2019image \u00e0 partir soit d\u2019un mot, soit d\u2019une phrase, un choix qui nous entra\u00eene vers un processus tr\u00e8s personnel quitte \u00e0 s\u2019\u00e9loigner du conte. C\u2019est une forme de synth\u00e8se intuitive de l\u2019histoire. Par exemple, la bague se retrouve \u00e0 la patte de la corneille dans une forme d\u2019ellipse.<\/p>\n\n\n\n<h4 class=\"wp-block-heading\"><strong>Dans la s\u00e9rie \u00ab&nbsp;Les Grimmades&nbsp;\u00bb, on sent un contraste entre une forme graphique tr\u00e8s \u00e9labor\u00e9e et une forme de fra\u00eecheur dans la fa\u00e7on dont le sujet est trait\u00e9. N\u00e9anmoins, on est dans un univers qui touche autant les adultes que les enfants et qui s\u2019exprime dans une dimension onirique, est-ce que cela a d\u00e9termin\u00e9 votre identit\u00e9 graphique&nbsp;?<\/strong><\/h4>\n\n\n\n<p class=\"has-normal-font-size\">L\u2019identit\u00e9 graphique n\u2019a pas \u00e9t\u00e9 d\u00e9termin\u00e9e par la s\u00e9rie \u00ab&nbsp;Les Grimmades&nbsp;\u00bb, c\u2019\u00e9tait d\u00e9j\u00e0 l\u2019\u00e9criture stylistique de Marino. Quand \u00e0 l\u2019univers onirique, il nous permet de cr\u00e9er des personnages ou des animaux avec des caract\u00e8res irr\u00e9els, \u00e9tranges ou improbables. Dans nos diff\u00e9rentes s\u00e9ries, on retrouve des r\u00e9currences&nbsp;: le masque, la m\u00e9tamorphose et le monstre gentil\u2026<\/p>\n\n\n\n<h4 class=\"wp-block-heading\"><strong>On reconna\u00eet un dessin de Marino et Chrisco. Il y a un style et une intensit\u00e9 dans les couleurs qui se retrouvent dans toutes vos s\u00e9ries. Est-ce que cette continuit\u00e9 est li\u00e9e au travail \u00e0 quatre mains&nbsp;?<\/strong><\/h4>\n\n\n\n<p class=\"has-normal-font-size\">On a su trouver un terrain commun, et d\u00e9velopper un univers qui est celui du duo Marino et Chrisco. Il y a toujours un ou des personnages, avec cette mixit\u00e9 hybride, homme-animal, animal-animal, v\u00e9g\u00e9taux\u2026 Et autour, l\u2019absence de d\u00e9cor (fond blanc pour \u00ab&nbsp;Les Grimmades&nbsp;\u00bb, fond color\u00e9 pour les \u00ab&nbsp;filles&nbsp;et les gar\u00e7ons&nbsp;\u00bb) qui est vraiment une d\u00e9cision de notre part. Les motifs sont tr\u00e8s pr\u00e9sents par la r\u00e9p\u00e9tition ou l\u2019alternance de lignes, de formes ou de couleurs dans des zones d\u00e9limit\u00e9es. Ils sont souvent la base de d\u00e9coration pour les tissus, plumage\u2026 Le dernier aspect est la couleur qui est intense, lumineuse, et travaill\u00e9e dans la globalit\u00e9.<\/p>\n\n\n\n<h4 class=\"wp-block-heading\"><strong>Effectivement la couleur est tr\u00e8s pr\u00e9sente, elle accroche le regard, pouvez-vous nous dire comment vous la d\u00e9terminez pour chaque illustration&nbsp;?<\/strong><\/h4>\n\n\n\n<p class=\"has-normal-font-size\">C\u2019est la partie de Chrisco qui exp\u00e9rimente \u00e0 partir des dessins. Il se donne la libert\u00e9 d\u2019une recherche graphique, pour \u00ab&nbsp;Les Grimmades&nbsp;\u00bb, il joue sur un d\u00e9calage comme des couches en s\u00e9rigraphie successives, pour la s\u00e9rie des \u00ab&nbsp;filles&nbsp;\u00bb, ou pour \u00ab&nbsp;chass\u00e9-masqu\u00e9&nbsp;\u00bb, la suppression des contours donne une identit\u00e9 reconnaissable \u00e0 l\u2019ensemble des s\u00e9ries. L\u2019id\u00e9e c\u2019est de fermer toutes les formes \u00e0 l\u2019int\u00e9rieur pour supprimer les contours de fa\u00e7on \u00e0 ce que le fond r\u00e9v\u00e8le le dessin. Cela influence forc\u00e9ment ma fa\u00e7on de penser le dessin, mes motifs ne doivent pas toucher le contour. Chrisco marie les couleurs \u00e0 partir du fond fonc\u00e9 pour que les vibrations optiques disparaissent tout en g\u00e9rant les contraintes techniques d\u2019impression en les mettant au service du dessin. Cela renforce les couleurs et donne de la densit\u00e9. Trait\u00e9es en aplat, les couleurs sont des masses qui interf\u00e8rent.<\/p>\n\n\n\n<h4 class=\"wp-block-heading\"><strong>Quand on regarde vos illustrations, les couleurs paraissent \u00e9videntes et il y a une originalit\u00e9 dans l\u2019harmonie globale. Comment faites-vous ce choix&nbsp;?<\/strong><\/h4>\n\n\n\n<p class=\"has-normal-font-size\">Ce choix part de plusieurs propositions de Chrisco, chacune avec une harmonie diff\u00e9rente. \u00c0 partir de l\u00e0, on en supprime une \u00e0 tour de r\u00f4le jusqu\u2019\u00e0 celle qui remporte notre adh\u00e9sion \u00e0 tous les deux.<\/p>\n\n\n\n<h4 class=\"wp-block-heading\"><strong>Un autre aspect de votre travail passe par vos \u00ab&nbsp;volumes&nbsp;\u00bb, sculptures et masques, dont certains sont mis en sc\u00e8ne et photographi\u00e9s. Comment passez-vous de l\u2019un \u00e0 l\u2019autre&nbsp;?<\/strong><\/h4>\n\n\n\n<p class=\"has-normal-font-size\">L\u2019id\u00e9e, c\u2019est de donner vie \u00e0 nos personnages. Par exemple, le \u00ab&nbsp;combat&nbsp;\u00bb r\u00e9alis\u00e9 en volume donne l\u2019impression de sortir du dessin. On a voulu faire ressentir la dualit\u00e9 de fa\u00e7on plus r\u00e9aliste comme si les deux personnages s\u2019affrontaient sur un ring. Pour les masques, nous accentuons la mise en sc\u00e8ne, la recherche du lieu, le choix du costume, l\u2019attitude que je prends, tout est pens\u00e9 pour cr\u00e9er un univers onirique, po\u00e9tique, sensible, tr\u00e8s proche du n\u00f4tre. Les masques mis en situation nous permettent de rejouer l\u2019id\u00e9e de la m\u00e9tamorphose qui nous a interpell\u00e9s dans les contes de Grimm.<\/p>\n\n\n\n<div style=\"height:24px\" aria-hidden=\"true\" class=\"wp-block-spacer\"><\/div>\n\n\n\n<p class=\"has-cyan-bluish-gray-color has-text-color\" style=\"font-size:10px\"><em><sup>1<\/sup> Contes pour les enfants et la maison des&nbsp;fr\u00e8res Grimm aux \u00c9ditions Corti<br><sup>2<\/sup> La s\u00e9rie \u00ab&nbsp;Chass\u00e9 Masqu\u00e9&nbsp;\u00bb sera en partie expos\u00e9e \u00e0 la M\u00e9diath\u00e8que de Ruelle-sur-Touvre en novembre 2018.<\/em><\/p>\n\n\n\n<p class=\"has-small-font-size\"><\/p>\n\n\n\n<div style=\"height:28px\" aria-hidden=\"true\" class=\"wp-block-spacer\"><\/div>\n\n\n\n<div class=\"wp-block-image\"><figure class=\"aligncenter size-large is-resized\"><img loading=\"lazy\" decoding=\"async\" src=\"http:\/\/marinoetchrisco.fr\/wp-content\/uploads\/2021\/05\/3poissons-1024x1024.jpg\" alt=\"\" class=\"wp-image-2768\" width=\"1024\" height=\"1024\" srcset=\"https:\/\/marinoetchrisco.fr\/wp-content\/uploads\/2021\/05\/3poissons-1024x1024.jpg 1024w, https:\/\/marinoetchrisco.fr\/wp-content\/uploads\/2021\/05\/3poissons-300x300.jpg 300w, https:\/\/marinoetchrisco.fr\/wp-content\/uploads\/2021\/05\/3poissons-150x150.jpg 150w, https:\/\/marinoetchrisco.fr\/wp-content\/uploads\/2021\/05\/3poissons-768x768.jpg 768w, https:\/\/marinoetchrisco.fr\/wp-content\/uploads\/2021\/05\/3poissons-550x550.jpg 550w, https:\/\/marinoetchrisco.fr\/wp-content\/uploads\/2021\/05\/3poissons-600x600.jpg 600w, https:\/\/marinoetchrisco.fr\/wp-content\/uploads\/2021\/05\/3poissons-100x100.jpg 100w, https:\/\/marinoetchrisco.fr\/wp-content\/uploads\/2021\/05\/3poissons.jpg 1080w\" sizes=\"auto, (max-width: 1024px) 100vw, 1024px\" \/><figcaption><sup><span class=\"has-inline-color has-cyan-bluish-gray-color\">Photographie \u00ab\u00a0Les 3 Captures\u00a0\u00bb, 2017<\/span><\/sup><\/figcaption><\/figure><\/div>\n\n\n\n<p><\/p>\n","protected":false},"excerpt":{"rendered":"<p>Entretien avec Florence Toussan pour la revue \u00ab\u00a0PROXIMIT\u00c9S, arts et litt\u00e9ratures\u00a0\u00bb \u00e9dit\u00e9e par l&rsquo;Atelier IMIS L\u2019approche cr\u00e9ative de ce duo se caract\u00e9rise par un monde imaginaire, po\u00e9tique, graphique avec un univers tr\u00e8s color\u00e9.Avec la s\u00e9rie d\u2019illustration \u00ab&nbsp;Les Grimmades&nbsp;\u00bb, qui d\u00e9bute par [&hellip;]<\/p>\n","protected":false},"author":1,"featured_media":2744,"comment_status":"open","ping_status":"open","sticky":false,"template":"","format":"standard","meta":{"jetpack_post_was_ever_published":false,"_jetpack_newsletter_access":"","_jetpack_dont_email_post_to_subs":false,"_jetpack_newsletter_tier_id":0,"_jetpack_memberships_contains_paywalled_content":false,"_jetpack_memberships_contains_paid_content":false,"footnotes":""},"categories":[218],"tags":[219,222,221,223],"class_list":["post-2745","post","type-post","status-publish","format-standard","has-post-thumbnail","hentry","category-entretien","tag-atelier-imis","tag-florence-toussan","tag-grimm","tag-grimmades"],"yoast_head":"<!-- This site is optimized with the Yoast SEO plugin v27.5 - https:\/\/yoast.com\/product\/yoast-seo-wordpress\/ -->\n<title>Entretien &quot;Les Grimmades&quot; - Marino &amp; Chrisco<\/title>\n<meta name=\"robots\" content=\"index, follow, max-snippet:-1, max-image-preview:large, max-video-preview:-1\" \/>\n<link rel=\"canonical\" href=\"https:\/\/marinoetchrisco.fr\/?p=2745\" \/>\n<meta property=\"og:locale\" content=\"fr_FR\" \/>\n<meta property=\"og:type\" content=\"article\" \/>\n<meta property=\"og:title\" content=\"Entretien &quot;Les Grimmades&quot; - Marino &amp; Chrisco\" \/>\n<meta property=\"og:description\" content=\"Entretien avec Florence Toussan pour la revue \u00ab\u00a0PROXIMIT\u00c9S, arts et litt\u00e9ratures\u00a0\u00bb \u00e9dit\u00e9e par l&rsquo;Atelier IMIS L\u2019approche cr\u00e9ative de ce duo se caract\u00e9rise par un monde imaginaire, po\u00e9tique, graphique avec un univers tr\u00e8s color\u00e9.Avec la s\u00e9rie d\u2019illustration \u00ab&nbsp;Les Grimmades&nbsp;\u00bb, qui d\u00e9bute par [&hellip;]\" \/>\n<meta property=\"og:url\" content=\"https:\/\/marinoetchrisco.fr\/?p=2745\" \/>\n<meta property=\"og:site_name\" content=\"Marino &amp; Chrisco\" \/>\n<meta property=\"article:published_time\" content=\"2018-09-01T17:23:00+00:00\" \/>\n<meta property=\"article:modified_time\" content=\"2021-05-12T16:49:01+00:00\" \/>\n<meta property=\"og:image\" content=\"https:\/\/marinoetchrisco.fr\/wp-content\/uploads\/2018\/06\/Masque-corneille-scaled.jpg\" \/>\n\t<meta property=\"og:image:width\" content=\"2560\" \/>\n\t<meta property=\"og:image:height\" content=\"2560\" \/>\n\t<meta property=\"og:image:type\" content=\"image\/jpeg\" \/>\n<meta name=\"author\" content=\"admin3119\" \/>\n<meta name=\"twitter:card\" content=\"summary_large_image\" \/>\n<meta name=\"twitter:label1\" content=\"\u00c9crit par\" \/>\n\t<meta name=\"twitter:data1\" content=\"admin3119\" \/>\n\t<meta name=\"twitter:label2\" content=\"Dur\u00e9e de lecture estim\u00e9e\" \/>\n\t<meta name=\"twitter:data2\" content=\"6 minutes\" \/>\n<script type=\"application\/ld+json\" class=\"yoast-schema-graph\">{\"@context\":\"https:\\\/\\\/schema.org\",\"@graph\":[{\"@type\":\"Article\",\"@id\":\"https:\\\/\\\/marinoetchrisco.fr\\\/?p=2745#article\",\"isPartOf\":{\"@id\":\"https:\\\/\\\/marinoetchrisco.fr\\\/?p=2745\"},\"author\":{\"name\":\"admin3119\",\"@id\":\"https:\\\/\\\/marinoetchrisco.fr\\\/#\\\/schema\\\/person\\\/47f69b6a26fee2553f99c04d68c6657d\"},\"headline\":\"Entretien \u00ab\u00a0Les Grimmades\u00a0\u00bb\",\"datePublished\":\"2018-09-01T17:23:00+00:00\",\"dateModified\":\"2021-05-12T16:49:01+00:00\",\"mainEntityOfPage\":{\"@id\":\"https:\\\/\\\/marinoetchrisco.fr\\\/?p=2745\"},\"wordCount\":1217,\"commentCount\":0,\"image\":{\"@id\":\"https:\\\/\\\/marinoetchrisco.fr\\\/?p=2745#primaryimage\"},\"thumbnailUrl\":\"https:\\\/\\\/marinoetchrisco.fr\\\/wp-content\\\/uploads\\\/2018\\\/06\\\/Masque-corneille-scaled.jpg\",\"keywords\":[\"Atelier IMIS\",\"Florence Toussan\",\"Grimm\",\"Grimmades\"],\"articleSection\":[\"Entretien\"],\"inLanguage\":\"fr-FR\",\"potentialAction\":[{\"@type\":\"CommentAction\",\"name\":\"Comment\",\"target\":[\"https:\\\/\\\/marinoetchrisco.fr\\\/?p=2745#respond\"]}]},{\"@type\":\"WebPage\",\"@id\":\"https:\\\/\\\/marinoetchrisco.fr\\\/?p=2745\",\"url\":\"https:\\\/\\\/marinoetchrisco.fr\\\/?p=2745\",\"name\":\"Entretien \\\"Les Grimmades\\\" - Marino &amp; Chrisco\",\"isPartOf\":{\"@id\":\"https:\\\/\\\/marinoetchrisco.fr\\\/#website\"},\"primaryImageOfPage\":{\"@id\":\"https:\\\/\\\/marinoetchrisco.fr\\\/?p=2745#primaryimage\"},\"image\":{\"@id\":\"https:\\\/\\\/marinoetchrisco.fr\\\/?p=2745#primaryimage\"},\"thumbnailUrl\":\"https:\\\/\\\/marinoetchrisco.fr\\\/wp-content\\\/uploads\\\/2018\\\/06\\\/Masque-corneille-scaled.jpg\",\"datePublished\":\"2018-09-01T17:23:00+00:00\",\"dateModified\":\"2021-05-12T16:49:01+00:00\",\"author\":{\"@id\":\"https:\\\/\\\/marinoetchrisco.fr\\\/#\\\/schema\\\/person\\\/47f69b6a26fee2553f99c04d68c6657d\"},\"breadcrumb\":{\"@id\":\"https:\\\/\\\/marinoetchrisco.fr\\\/?p=2745#breadcrumb\"},\"inLanguage\":\"fr-FR\",\"potentialAction\":[{\"@type\":\"ReadAction\",\"target\":[\"https:\\\/\\\/marinoetchrisco.fr\\\/?p=2745\"]}]},{\"@type\":\"ImageObject\",\"inLanguage\":\"fr-FR\",\"@id\":\"https:\\\/\\\/marinoetchrisco.fr\\\/?p=2745#primaryimage\",\"url\":\"https:\\\/\\\/marinoetchrisco.fr\\\/wp-content\\\/uploads\\\/2018\\\/06\\\/Masque-corneille-scaled.jpg\",\"contentUrl\":\"https:\\\/\\\/marinoetchrisco.fr\\\/wp-content\\\/uploads\\\/2018\\\/06\\\/Masque-corneille-scaled.jpg\",\"width\":2560,\"height\":2560},{\"@type\":\"BreadcrumbList\",\"@id\":\"https:\\\/\\\/marinoetchrisco.fr\\\/?p=2745#breadcrumb\",\"itemListElement\":[{\"@type\":\"ListItem\",\"position\":1,\"name\":\"Accueil\",\"item\":\"https:\\\/\\\/marinoetchrisco.fr\\\/\"},{\"@type\":\"ListItem\",\"position\":2,\"name\":\"Entretien \u00ab\u00a0Les Grimmades\u00a0\u00bb\"}]},{\"@type\":\"WebSite\",\"@id\":\"https:\\\/\\\/marinoetchrisco.fr\\\/#website\",\"url\":\"https:\\\/\\\/marinoetchrisco.fr\\\/\",\"name\":\"Marino &amp; Chrisco\",\"description\":\"Un duo color\u00e9 !\",\"potentialAction\":[{\"@type\":\"SearchAction\",\"target\":{\"@type\":\"EntryPoint\",\"urlTemplate\":\"https:\\\/\\\/marinoetchrisco.fr\\\/?s={search_term_string}\"},\"query-input\":{\"@type\":\"PropertyValueSpecification\",\"valueRequired\":true,\"valueName\":\"search_term_string\"}}],\"inLanguage\":\"fr-FR\"},{\"@type\":\"Person\",\"@id\":\"https:\\\/\\\/marinoetchrisco.fr\\\/#\\\/schema\\\/person\\\/47f69b6a26fee2553f99c04d68c6657d\",\"name\":\"admin3119\",\"image\":{\"@type\":\"ImageObject\",\"inLanguage\":\"fr-FR\",\"@id\":\"https:\\\/\\\/secure.gravatar.com\\\/avatar\\\/39a787d309da808328b816a4d463bbf9a10c1c407418b6a5dbf58c6160591f60?s=96&d=mm&r=g\",\"url\":\"https:\\\/\\\/secure.gravatar.com\\\/avatar\\\/39a787d309da808328b816a4d463bbf9a10c1c407418b6a5dbf58c6160591f60?s=96&d=mm&r=g\",\"contentUrl\":\"https:\\\/\\\/secure.gravatar.com\\\/avatar\\\/39a787d309da808328b816a4d463bbf9a10c1c407418b6a5dbf58c6160591f60?s=96&d=mm&r=g\",\"caption\":\"admin3119\"},\"sameAs\":[\"http:\\\/\\\/marinoetchrisco.fr\"],\"url\":\"https:\\\/\\\/marinoetchrisco.fr\\\/?author=1\"}]}<\/script>\n<!-- \/ Yoast SEO plugin. -->","yoast_head_json":{"title":"Entretien \"Les Grimmades\" - Marino &amp; Chrisco","robots":{"index":"index","follow":"follow","max-snippet":"max-snippet:-1","max-image-preview":"max-image-preview:large","max-video-preview":"max-video-preview:-1"},"canonical":"https:\/\/marinoetchrisco.fr\/?p=2745","og_locale":"fr_FR","og_type":"article","og_title":"Entretien \"Les Grimmades\" - Marino &amp; Chrisco","og_description":"Entretien avec Florence Toussan pour la revue \u00ab\u00a0PROXIMIT\u00c9S, arts et litt\u00e9ratures\u00a0\u00bb \u00e9dit\u00e9e par l&rsquo;Atelier IMIS L\u2019approche cr\u00e9ative de ce duo se caract\u00e9rise par un monde imaginaire, po\u00e9tique, graphique avec un univers tr\u00e8s color\u00e9.Avec la s\u00e9rie d\u2019illustration \u00ab&nbsp;Les Grimmades&nbsp;\u00bb, qui d\u00e9bute par [&hellip;]","og_url":"https:\/\/marinoetchrisco.fr\/?p=2745","og_site_name":"Marino &amp; Chrisco","article_published_time":"2018-09-01T17:23:00+00:00","article_modified_time":"2021-05-12T16:49:01+00:00","og_image":[{"width":2560,"height":2560,"url":"https:\/\/marinoetchrisco.fr\/wp-content\/uploads\/2018\/06\/Masque-corneille-scaled.jpg","type":"image\/jpeg"}],"author":"admin3119","twitter_card":"summary_large_image","twitter_misc":{"\u00c9crit par":"admin3119","Dur\u00e9e de lecture estim\u00e9e":"6 minutes"},"schema":{"@context":"https:\/\/schema.org","@graph":[{"@type":"Article","@id":"https:\/\/marinoetchrisco.fr\/?p=2745#article","isPartOf":{"@id":"https:\/\/marinoetchrisco.fr\/?p=2745"},"author":{"name":"admin3119","@id":"https:\/\/marinoetchrisco.fr\/#\/schema\/person\/47f69b6a26fee2553f99c04d68c6657d"},"headline":"Entretien \u00ab\u00a0Les Grimmades\u00a0\u00bb","datePublished":"2018-09-01T17:23:00+00:00","dateModified":"2021-05-12T16:49:01+00:00","mainEntityOfPage":{"@id":"https:\/\/marinoetchrisco.fr\/?p=2745"},"wordCount":1217,"commentCount":0,"image":{"@id":"https:\/\/marinoetchrisco.fr\/?p=2745#primaryimage"},"thumbnailUrl":"https:\/\/marinoetchrisco.fr\/wp-content\/uploads\/2018\/06\/Masque-corneille-scaled.jpg","keywords":["Atelier IMIS","Florence Toussan","Grimm","Grimmades"],"articleSection":["Entretien"],"inLanguage":"fr-FR","potentialAction":[{"@type":"CommentAction","name":"Comment","target":["https:\/\/marinoetchrisco.fr\/?p=2745#respond"]}]},{"@type":"WebPage","@id":"https:\/\/marinoetchrisco.fr\/?p=2745","url":"https:\/\/marinoetchrisco.fr\/?p=2745","name":"Entretien \"Les Grimmades\" - Marino &amp; Chrisco","isPartOf":{"@id":"https:\/\/marinoetchrisco.fr\/#website"},"primaryImageOfPage":{"@id":"https:\/\/marinoetchrisco.fr\/?p=2745#primaryimage"},"image":{"@id":"https:\/\/marinoetchrisco.fr\/?p=2745#primaryimage"},"thumbnailUrl":"https:\/\/marinoetchrisco.fr\/wp-content\/uploads\/2018\/06\/Masque-corneille-scaled.jpg","datePublished":"2018-09-01T17:23:00+00:00","dateModified":"2021-05-12T16:49:01+00:00","author":{"@id":"https:\/\/marinoetchrisco.fr\/#\/schema\/person\/47f69b6a26fee2553f99c04d68c6657d"},"breadcrumb":{"@id":"https:\/\/marinoetchrisco.fr\/?p=2745#breadcrumb"},"inLanguage":"fr-FR","potentialAction":[{"@type":"ReadAction","target":["https:\/\/marinoetchrisco.fr\/?p=2745"]}]},{"@type":"ImageObject","inLanguage":"fr-FR","@id":"https:\/\/marinoetchrisco.fr\/?p=2745#primaryimage","url":"https:\/\/marinoetchrisco.fr\/wp-content\/uploads\/2018\/06\/Masque-corneille-scaled.jpg","contentUrl":"https:\/\/marinoetchrisco.fr\/wp-content\/uploads\/2018\/06\/Masque-corneille-scaled.jpg","width":2560,"height":2560},{"@type":"BreadcrumbList","@id":"https:\/\/marinoetchrisco.fr\/?p=2745#breadcrumb","itemListElement":[{"@type":"ListItem","position":1,"name":"Accueil","item":"https:\/\/marinoetchrisco.fr\/"},{"@type":"ListItem","position":2,"name":"Entretien \u00ab\u00a0Les Grimmades\u00a0\u00bb"}]},{"@type":"WebSite","@id":"https:\/\/marinoetchrisco.fr\/#website","url":"https:\/\/marinoetchrisco.fr\/","name":"Marino &amp; Chrisco","description":"Un duo color\u00e9 !","potentialAction":[{"@type":"SearchAction","target":{"@type":"EntryPoint","urlTemplate":"https:\/\/marinoetchrisco.fr\/?s={search_term_string}"},"query-input":{"@type":"PropertyValueSpecification","valueRequired":true,"valueName":"search_term_string"}}],"inLanguage":"fr-FR"},{"@type":"Person","@id":"https:\/\/marinoetchrisco.fr\/#\/schema\/person\/47f69b6a26fee2553f99c04d68c6657d","name":"admin3119","image":{"@type":"ImageObject","inLanguage":"fr-FR","@id":"https:\/\/secure.gravatar.com\/avatar\/39a787d309da808328b816a4d463bbf9a10c1c407418b6a5dbf58c6160591f60?s=96&d=mm&r=g","url":"https:\/\/secure.gravatar.com\/avatar\/39a787d309da808328b816a4d463bbf9a10c1c407418b6a5dbf58c6160591f60?s=96&d=mm&r=g","contentUrl":"https:\/\/secure.gravatar.com\/avatar\/39a787d309da808328b816a4d463bbf9a10c1c407418b6a5dbf58c6160591f60?s=96&d=mm&r=g","caption":"admin3119"},"sameAs":["http:\/\/marinoetchrisco.fr"],"url":"https:\/\/marinoetchrisco.fr\/?author=1"}]}},"jetpack_featured_media_url":"https:\/\/marinoetchrisco.fr\/wp-content\/uploads\/2018\/06\/Masque-corneille-scaled.jpg","jetpack_sharing_enabled":true,"_links":{"self":[{"href":"https:\/\/marinoetchrisco.fr\/index.php?rest_route=\/wp\/v2\/posts\/2745","targetHints":{"allow":["GET"]}}],"collection":[{"href":"https:\/\/marinoetchrisco.fr\/index.php?rest_route=\/wp\/v2\/posts"}],"about":[{"href":"https:\/\/marinoetchrisco.fr\/index.php?rest_route=\/wp\/v2\/types\/post"}],"author":[{"embeddable":true,"href":"https:\/\/marinoetchrisco.fr\/index.php?rest_route=\/wp\/v2\/users\/1"}],"replies":[{"embeddable":true,"href":"https:\/\/marinoetchrisco.fr\/index.php?rest_route=%2Fwp%2Fv2%2Fcomments&post=2745"}],"version-history":[{"count":40,"href":"https:\/\/marinoetchrisco.fr\/index.php?rest_route=\/wp\/v2\/posts\/2745\/revisions"}],"predecessor-version":[{"id":2848,"href":"https:\/\/marinoetchrisco.fr\/index.php?rest_route=\/wp\/v2\/posts\/2745\/revisions\/2848"}],"wp:featuredmedia":[{"embeddable":true,"href":"https:\/\/marinoetchrisco.fr\/index.php?rest_route=\/wp\/v2\/media\/2744"}],"wp:attachment":[{"href":"https:\/\/marinoetchrisco.fr\/index.php?rest_route=%2Fwp%2Fv2%2Fmedia&parent=2745"}],"wp:term":[{"taxonomy":"category","embeddable":true,"href":"https:\/\/marinoetchrisco.fr\/index.php?rest_route=%2Fwp%2Fv2%2Fcategories&post=2745"},{"taxonomy":"post_tag","embeddable":true,"href":"https:\/\/marinoetchrisco.fr\/index.php?rest_route=%2Fwp%2Fv2%2Ftags&post=2745"}],"curies":[{"name":"wp","href":"https:\/\/api.w.org\/{rel}","templated":true}]}}